{"id":9703,"date":"2025-12-24T13:15:22","date_gmt":"2025-12-24T12:15:22","guid":{"rendered":"https:\/\/www.presseinvestigation.com\/index.php\/2025\/12\/24\/mamoudou-diallo-propulse-au-role-de-porte-parole-international-a-lujpla-decision\/"},"modified":"2025-12-24T13:15:22","modified_gmt":"2025-12-24T12:15:22","slug":"mamoudou-diallo-propulse-au-role-de-porte-parole-international-a-lujpla-decision","status":"publish","type":"post","link":"https:\/\/www.presseinvestigation.com\/index.php\/2025\/12\/24\/mamoudou-diallo-propulse-au-role-de-porte-parole-international-a-lujpla-decision\/","title":{"rendered":"Mamoudou Diallo propuls\u00e9 au r\u00f4le de porte-parole international \u00e0 l\u2019UJPLA( d\u00e9cision)"},"content":{"rendered":"<p>D\u00e9cision du 22 d\u00e9cembre 2025 portant nomination d\u2019un porte- parole international de L\u2019UJPLA,<\/p>\n<p>\u2014\u2014\u2014\u2014\u2014<\/p>\n<p>En vertu des statuts de L\u2019UJPLA,<\/p>\n<p>Sur la base de l\u2019article 17 des dits statuts,<\/p>\n<p>Le Pr\u00e9sident de L\u2019UJPLA M. YAO No\u00ebl, en vue de r\u00e9veiller et rendre plus dynamique et plus offensive la communication de notre organisation,<\/p>\n<p>a pris ce lundi 22 d\u00e9cembre 2025, une d\u00e9cision portant nomination de notre confr\u00e8re et coll\u00e8gue<\/p>\n<p>MAMOUDOU DIALLO<\/p>\n<p>journaliste \u00e0 karakannews.com ( Guin\u00e9e-Conakry)<\/p>\n<p>PORTE PAROLE INTERNATIONAL DE L\u2019UJPLA.<\/p>\n<p>Toutes nos f\u00e9licitations au coll\u00e8gue promu avec tous nos v\u0153ux de succ\u00e8s pour une UJPLA \u00e0 grande visibilit\u00e9 et lisibilit\u00e9.<\/p>\n<p>Fait \u00e0 Abidjan le lundi 22 d\u00e9cembre 2025.<\/p>\n<p>*La pr\u00e9sente d\u00e9cision prend effet imm\u00e9diatement.<\/p>\n<p>Le Pr\u00e9sident de L\u2019UJPLA YAO No\u00ebl<\/p>\n","protected":false},"excerpt":{"rendered":"<p>D\u00e9cision du 22 d\u00e9cembre 2025 portant nomination d\u2019un porte- parole international de L\u2019UJPLA, \u2014\u2014\u2014\u2014\u2014 En vertu des statuts de L\u2019UJPLA, Sur la base de l\u2019article 17 des dits statuts, Le Pr\u00e9sident de L\u2019UJPLA M. YAO No\u00ebl, en vue de r\u00e9veiller et rendre plus dynamique et plus offensive la communication de notre organisation, a pris ce [&hellip;]<\/p>\n","protected":false},"author":3,"featured_media":9702,"comment_status":"open","ping_status":"open","sticky":false,"template":"","format":"standard","meta":{"jnews-multi-image_gallery":[],"jnews_single_post":[],"jnews_primary_category":[],"footnotes":""},"categories":[64],"tags":[],"class_list":["post-9703","post","type-post","status-publish","format-standard","has-post-thumbnail","hentry","category-societe"],"yoast_head":"<!-- This site is optimized with the Yoast SEO plugin v27.3 - https:\/\/yoast.com\/product\/yoast-seo-wordpress\/ -->\n<title>Mamoudou Diallo propuls\u00e9 au r\u00f4le de porte-parole international \u00e0 l\u2019UJPLA( d\u00e9cision) - Presseinvestigation<\/title>\n<meta name=\"robots\" content=\"index, follow, max-snippet:-1, max-image-preview:large, max-video-preview:-1\" \/>\n<link rel=\"canonical\" href=\"https:\/\/www.presseinvestigation.com\/index.php\/2025\/12\/24\/mamoudou-diallo-propulse-au-role-de-porte-parole-international-a-lujpla-decision\/\" \/>\n<meta property=\"og:locale\" content=\"fr_FR\" \/>\n<meta property=\"og:type\" content=\"article\" \/>\n<meta property=\"og:title\" content=\"Mamoudou Diallo propuls\u00e9 au r\u00f4le de porte-parole international \u00e0 l\u2019UJPLA( d\u00e9cision) - Presseinvestigation\" \/>\n<meta property=\"og:description\" content=\"D\u00e9cision du 22 d\u00e9cembre 2025 portant nomination d\u2019un porte- parole international de L\u2019UJPLA, \u2014\u2014\u2014\u2014\u2014 En vertu des statuts de L\u2019UJPLA, Sur la base de l\u2019article 17 des dits statuts, Le Pr\u00e9sident de L\u2019UJPLA M. YAO No\u00ebl, en vue de r\u00e9veiller et rendre plus dynamique et plus offensive la communication de notre organisation, a pris ce [&hellip;]\" \/>\n<meta property=\"og:url\" content=\"https:\/\/www.presseinvestigation.com\/index.php\/2025\/12\/24\/mamoudou-diallo-propulse-au-role-de-porte-parole-international-a-lujpla-decision\/\" \/>\n<meta property=\"og:site_name\" content=\"Presseinvestigation\" \/>\n<meta property=\"article:published_time\" content=\"2025-12-24T12:15:22+00:00\" \/>\n<meta property=\"og:image\" content=\"https:\/\/www.presseinvestigation.com\/wp-content\/uploads\/2025\/12\/FB_IMG_1766564893088.jpg\" \/>\n\t<meta property=\"og:image:width\" content=\"912\" \/>\n\t<meta property=\"og:image:height\" content=\"473\" \/>\n\t<meta property=\"og:image:type\" content=\"image\/jpeg\" \/>\n<meta name=\"author\" content=\"Presseinvestigation.com\" \/>\n<meta name=\"twitter:card\" content=\"summary_large_image\" \/>\n<meta name=\"twitter:label1\" content=\"\u00c9crit par\" \/>\n\t<meta name=\"twitter:data1\" content=\"Presseinvestigation.com\" \/>\n\t<meta name=\"twitter:label2\" content=\"Dur\u00e9e de lecture estim\u00e9e\" \/>\n\t<meta name=\"twitter:data2\" content=\"1 minute\" \/>\n<script type=\"application\/ld+json\" class=\"yoast-schema-graph\">{\"@context\":\"https:\\\/\\\/schema.org\",\"@graph\":[{\"@type\":\"Article\",\"@id\":\"https:\\\/\\\/www.presseinvestigation.com\\\/index.php\\\/2025\\\/12\\\/24\\\/mamoudou-diallo-propulse-au-role-de-porte-parole-international-a-lujpla-decision\\\/#article\",\"isPartOf\":{\"@id\":\"https:\\\/\\\/www.presseinvestigation.com\\\/index.php\\\/2025\\\/12\\\/24\\\/mamoudou-diallo-propulse-au-role-de-porte-parole-international-a-lujpla-decision\\\/\"},\"author\":{\"name\":\"Presseinvestigation.com\",\"@id\":\"https:\\\/\\\/www.presseinvestigation.com\\\/#\\\/schema\\\/person\\\/9eeee3740b98a364b2d60ad43edf321d\"},\"headline\":\"Mamoudou Diallo propuls\u00e9 au r\u00f4le de porte-parole international \u00e0 l\u2019UJPLA( d\u00e9cision)\",\"datePublished\":\"2025-12-24T12:15:22+00:00\",\"mainEntityOfPage\":{\"@id\":\"https:\\\/\\\/www.presseinvestigation.com\\\/index.php\\\/2025\\\/12\\\/24\\\/mamoudou-diallo-propulse-au-role-de-porte-parole-international-a-lujpla-decision\\\/\"},\"wordCount\":149,\"commentCount\":0,\"image\":{\"@id\":\"https:\\\/\\\/www.presseinvestigation.com\\\/index.php\\\/2025\\\/12\\\/24\\\/mamoudou-diallo-propulse-au-role-de-porte-parole-international-a-lujpla-decision\\\/#primaryimage\"},\"thumbnailUrl\":\"https:\\\/\\\/www.presseinvestigation.com\\\/wp-content\\\/uploads\\\/2025\\\/12\\\/FB_IMG_1766564893088.jpg\",\"articleSection\":[\"Soci\u00e9t\u00e9\"],\"inLanguage\":\"fr-FR\",\"potentialAction\":[{\"@type\":\"CommentAction\",\"name\":\"Comment\",\"target\":[\"https:\\\/\\\/www.presseinvestigation.com\\\/index.php\\\/2025\\\/12\\\/24\\\/mamoudou-diallo-propulse-au-role-de-porte-parole-international-a-lujpla-decision\\\/#respond\"]}]},{\"@type\":\"WebPage\",\"@id\":\"https:\\\/\\\/www.presseinvestigation.com\\\/index.php\\\/2025\\\/12\\\/24\\\/mamoudou-diallo-propulse-au-role-de-porte-parole-international-a-lujpla-decision\\\/\",\"url\":\"https:\\\/\\\/www.presseinvestigation.com\\\/index.php\\\/2025\\\/12\\\/24\\\/mamoudou-diallo-propulse-au-role-de-porte-parole-international-a-lujpla-decision\\\/\",\"name\":\"Mamoudou Diallo propuls\u00e9 au r\u00f4le de porte-parole international \u00e0 l\u2019UJPLA( d\u00e9cision) - Presseinvestigation\",\"isPartOf\":{\"@id\":\"https:\\\/\\\/www.presseinvestigation.com\\\/#website\"},\"primaryImageOfPage\":{\"@id\":\"https:\\\/\\\/www.presseinvestigation.com\\\/index.php\\\/2025\\\/12\\\/24\\\/mamoudou-diallo-propulse-au-role-de-porte-parole-international-a-lujpla-decision\\\/#primaryimage\"},\"image\":{\"@id\":\"https:\\\/\\\/www.presseinvestigation.com\\\/index.php\\\/2025\\\/12\\\/24\\\/mamoudou-diallo-propulse-au-role-de-porte-parole-international-a-lujpla-decision\\\/#primaryimage\"},\"thumbnailUrl\":\"https:\\\/\\\/www.presseinvestigation.com\\\/wp-content\\\/uploads\\\/2025\\\/12\\\/FB_IMG_1766564893088.jpg\",\"datePublished\":\"2025-12-24T12:15:22+00:00\",\"author\":{\"@id\":\"https:\\\/\\\/www.presseinvestigation.com\\\/#\\\/schema\\\/person\\\/9eeee3740b98a364b2d60ad43edf321d\"},\"breadcrumb\":{\"@id\":\"https:\\\/\\\/www.presseinvestigation.com\\\/index.php\\\/2025\\\/12\\\/24\\\/mamoudou-diallo-propulse-au-role-de-porte-parole-international-a-lujpla-decision\\\/#breadcrumb\"},\"inLanguage\":\"fr-FR\",\"potentialAction\":[{\"@type\":\"ReadAction\",\"target\":[\"https:\\\/\\\/www.presseinvestigation.com\\\/index.php\\\/2025\\\/12\\\/24\\\/mamoudou-diallo-propulse-au-role-de-porte-parole-international-a-lujpla-decision\\\/\"]}]},{\"@type\":\"ImageObject\",\"inLanguage\":\"fr-FR\",\"@id\":\"https:\\\/\\\/www.presseinvestigation.com\\\/index.php\\\/2025\\\/12\\\/24\\\/mamoudou-diallo-propulse-au-role-de-porte-parole-international-a-lujpla-decision\\\/#primaryimage\",\"url\":\"https:\\\/\\\/www.presseinvestigation.com\\\/wp-content\\\/uploads\\\/2025\\\/12\\\/FB_IMG_1766564893088.jpg\",\"contentUrl\":\"https:\\\/\\\/www.presseinvestigation.com\\\/wp-content\\\/uploads\\\/2025\\\/12\\\/FB_IMG_1766564893088.jpg\",\"width\":912,\"height\":473},{\"@type\":\"BreadcrumbList\",\"@id\":\"https:\\\/\\\/www.presseinvestigation.com\\\/index.php\\\/2025\\\/12\\\/24\\\/mamoudou-diallo-propulse-au-role-de-porte-parole-international-a-lujpla-decision\\\/#breadcrumb\",\"itemListElement\":[{\"@type\":\"ListItem\",\"position\":1,\"name\":\"Accueil\",\"item\":\"https:\\\/\\\/www.presseinvestigation.com\\\/\"},{\"@type\":\"ListItem\",\"position\":2,\"name\":\"Mamoudou Diallo propuls\u00e9 au r\u00f4le de porte-parole international \u00e0 l\u2019UJPLA( d\u00e9cision)\"}]},{\"@type\":\"WebSite\",\"@id\":\"https:\\\/\\\/www.presseinvestigation.com\\\/#website\",\"url\":\"https:\\\/\\\/www.presseinvestigation.com\\\/\",\"name\":\"Presseinvestigation\",\"description\":\"Informer dans l&#039;impartialit\u00e9\",\"potentialAction\":[{\"@type\":\"SearchAction\",\"target\":{\"@type\":\"EntryPoint\",\"urlTemplate\":\"https:\\\/\\\/www.presseinvestigation.com\\\/?s={search_term_string}\"},\"query-input\":{\"@type\":\"PropertyValueSpecification\",\"valueRequired\":true,\"valueName\":\"search_term_string\"}}],\"inLanguage\":\"fr-FR\"},{\"@type\":\"Person\",\"@id\":\"https:\\\/\\\/www.presseinvestigation.com\\\/#\\\/schema\\\/person\\\/9eeee3740b98a364b2d60ad43edf321d\",\"name\":\"Presseinvestigation.com\",\"image\":{\"@type\":\"ImageObject\",\"inLanguage\":\"fr-FR\",\"@id\":\"https:\\\/\\\/www.presseinvestigation.com\\\/wp-content\\\/uploads\\\/2025\\\/12\\\/cropped-Logo_investigation-02-1-96x96.png\",\"url\":\"https:\\\/\\\/www.presseinvestigation.com\\\/wp-content\\\/uploads\\\/2025\\\/12\\\/cropped-Logo_investigation-02-1-96x96.png\",\"contentUrl\":\"https:\\\/\\\/www.presseinvestigation.com\\\/wp-content\\\/uploads\\\/2025\\\/12\\\/cropped-Logo_investigation-02-1-96x96.png\",\"caption\":\"Presseinvestigation.com\"},\"sameAs\":[\"https:\\\/\\\/wordpress.com\"],\"url\":\"https:\\\/\\\/www.presseinvestigation.com\\\/index.php\\\/author\\\/blog_table\\\/\"}]}<\/script>\n<!-- \/ Yoast SEO plugin. -->","yoast_head_json":{"title":"Mamoudou Diallo propuls\u00e9 au r\u00f4le de porte-parole international \u00e0 l\u2019UJPLA( d\u00e9cision) - Presseinvestigation","robots":{"index":"index","follow":"follow","max-snippet":"max-snippet:-1","max-image-preview":"max-image-preview:large","max-video-preview":"max-video-preview:-1"},"canonical":"https:\/\/www.presseinvestigation.com\/index.php\/2025\/12\/24\/mamoudou-diallo-propulse-au-role-de-porte-parole-international-a-lujpla-decision\/","og_locale":"fr_FR","og_type":"article","og_title":"Mamoudou Diallo propuls\u00e9 au r\u00f4le de porte-parole international \u00e0 l\u2019UJPLA( d\u00e9cision) - Presseinvestigation","og_description":"D\u00e9cision du 22 d\u00e9cembre 2025 portant nomination d\u2019un porte- parole international de L\u2019UJPLA, \u2014\u2014\u2014\u2014\u2014 En vertu des statuts de L\u2019UJPLA, Sur la base de l\u2019article 17 des dits statuts, Le Pr\u00e9sident de L\u2019UJPLA M. YAO No\u00ebl, en vue de r\u00e9veiller et rendre plus dynamique et plus offensive la communication de notre organisation, a pris ce [&hellip;]","og_url":"https:\/\/www.presseinvestigation.com\/index.php\/2025\/12\/24\/mamoudou-diallo-propulse-au-role-de-porte-parole-international-a-lujpla-decision\/","og_site_name":"Presseinvestigation","article_published_time":"2025-12-24T12:15:22+00:00","og_image":[{"width":912,"height":473,"url":"https:\/\/www.presseinvestigation.com\/wp-content\/uploads\/2025\/12\/FB_IMG_1766564893088.jpg","type":"image\/jpeg"}],"author":"Presseinvestigation.com","twitter_card":"summary_large_image","twitter_misc":{"\u00c9crit par":"Presseinvestigation.com","Dur\u00e9e de lecture estim\u00e9e":"1 minute"},"schema":{"@context":"https:\/\/schema.org","@graph":[{"@type":"Article","@id":"https:\/\/www.presseinvestigation.com\/index.php\/2025\/12\/24\/mamoudou-diallo-propulse-au-role-de-porte-parole-international-a-lujpla-decision\/#article","isPartOf":{"@id":"https:\/\/www.presseinvestigation.com\/index.php\/2025\/12\/24\/mamoudou-diallo-propulse-au-role-de-porte-parole-international-a-lujpla-decision\/"},"author":{"name":"Presseinvestigation.com","@id":"https:\/\/www.presseinvestigation.com\/#\/schema\/person\/9eeee3740b98a364b2d60ad43edf321d"},"headline":"Mamoudou Diallo propuls\u00e9 au r\u00f4le de porte-parole international \u00e0 l\u2019UJPLA( d\u00e9cision)","datePublished":"2025-12-24T12:15:22+00:00","mainEntityOfPage":{"@id":"https:\/\/www.presseinvestigation.com\/index.php\/2025\/12\/24\/mamoudou-diallo-propulse-au-role-de-porte-parole-international-a-lujpla-decision\/"},"wordCount":149,"commentCount":0,"image":{"@id":"https:\/\/www.presseinvestigation.com\/index.php\/2025\/12\/24\/mamoudou-diallo-propulse-au-role-de-porte-parole-international-a-lujpla-decision\/#primaryimage"},"thumbnailUrl":"https:\/\/www.presseinvestigation.com\/wp-content\/uploads\/2025\/12\/FB_IMG_1766564893088.jpg","articleSection":["Soci\u00e9t\u00e9"],"inLanguage":"fr-FR","potentialAction":[{"@type":"CommentAction","name":"Comment","target":["https:\/\/www.presseinvestigation.com\/index.php\/2025\/12\/24\/mamoudou-diallo-propulse-au-role-de-porte-parole-international-a-lujpla-decision\/#respond"]}]},{"@type":"WebPage","@id":"https:\/\/www.presseinvestigation.com\/index.php\/2025\/12\/24\/mamoudou-diallo-propulse-au-role-de-porte-parole-international-a-lujpla-decision\/","url":"https:\/\/www.presseinvestigation.com\/index.php\/2025\/12\/24\/mamoudou-diallo-propulse-au-role-de-porte-parole-international-a-lujpla-decision\/","name":"Mamoudou Diallo propuls\u00e9 au r\u00f4le de porte-parole international \u00e0 l\u2019UJPLA( d\u00e9cision) - Presseinvestigation","isPartOf":{"@id":"https:\/\/www.presseinvestigation.com\/#website"},"primaryImageOfPage":{"@id":"https:\/\/www.presseinvestigation.com\/index.php\/2025\/12\/24\/mamoudou-diallo-propulse-au-role-de-porte-parole-international-a-lujpla-decision\/#primaryimage"},"image":{"@id":"https:\/\/www.presseinvestigation.com\/index.php\/2025\/12\/24\/mamoudou-diallo-propulse-au-role-de-porte-parole-international-a-lujpla-decision\/#primaryimage"},"thumbnailUrl":"https:\/\/www.presseinvestigation.com\/wp-content\/uploads\/2025\/12\/FB_IMG_1766564893088.jpg","datePublished":"2025-12-24T12:15:22+00:00","author":{"@id":"https:\/\/www.presseinvestigation.com\/#\/schema\/person\/9eeee3740b98a364b2d60ad43edf321d"},"breadcrumb":{"@id":"https:\/\/www.presseinvestigation.com\/index.php\/2025\/12\/24\/mamoudou-diallo-propulse-au-role-de-porte-parole-international-a-lujpla-decision\/#breadcrumb"},"inLanguage":"fr-FR","potentialAction":[{"@type":"ReadAction","target":["https:\/\/www.presseinvestigation.com\/index.php\/2025\/12\/24\/mamoudou-diallo-propulse-au-role-de-porte-parole-international-a-lujpla-decision\/"]}]},{"@type":"ImageObject","inLanguage":"fr-FR","@id":"https:\/\/www.presseinvestigation.com\/index.php\/2025\/12\/24\/mamoudou-diallo-propulse-au-role-de-porte-parole-international-a-lujpla-decision\/#primaryimage","url":"https:\/\/www.presseinvestigation.com\/wp-content\/uploads\/2025\/12\/FB_IMG_1766564893088.jpg","contentUrl":"https:\/\/www.presseinvestigation.com\/wp-content\/uploads\/2025\/12\/FB_IMG_1766564893088.jpg","width":912,"height":473},{"@type":"BreadcrumbList","@id":"https:\/\/www.presseinvestigation.com\/index.php\/2025\/12\/24\/mamoudou-diallo-propulse-au-role-de-porte-parole-international-a-lujpla-decision\/#breadcrumb","itemListElement":[{"@type":"ListItem","position":1,"name":"Accueil","item":"https:\/\/www.presseinvestigation.com\/"},{"@type":"ListItem","position":2,"name":"Mamoudou Diallo propuls\u00e9 au r\u00f4le de porte-parole international \u00e0 l\u2019UJPLA( d\u00e9cision)"}]},{"@type":"WebSite","@id":"https:\/\/www.presseinvestigation.com\/#website","url":"https:\/\/www.presseinvestigation.com\/","name":"Presseinvestigation","description":"Informer dans l&#039;impartialit\u00e9","potentialAction":[{"@type":"SearchAction","target":{"@type":"EntryPoint","urlTemplate":"https:\/\/www.presseinvestigation.com\/?s={search_term_string}"},"query-input":{"@type":"PropertyValueSpecification","valueRequired":true,"valueName":"search_term_string"}}],"inLanguage":"fr-FR"},{"@type":"Person","@id":"https:\/\/www.presseinvestigation.com\/#\/schema\/person\/9eeee3740b98a364b2d60ad43edf321d","name":"Presseinvestigation.com","image":{"@type":"ImageObject","inLanguage":"fr-FR","@id":"https:\/\/www.presseinvestigation.com\/wp-content\/uploads\/2025\/12\/cropped-Logo_investigation-02-1-96x96.png","url":"https:\/\/www.presseinvestigation.com\/wp-content\/uploads\/2025\/12\/cropped-Logo_investigation-02-1-96x96.png","contentUrl":"https:\/\/www.presseinvestigation.com\/wp-content\/uploads\/2025\/12\/cropped-Logo_investigation-02-1-96x96.png","caption":"Presseinvestigation.com"},"sameAs":["https:\/\/wordpress.com"],"url":"https:\/\/www.presseinvestigation.com\/index.php\/author\/blog_table\/"}]}},"_links":{"self":[{"href":"https:\/\/www.presseinvestigation.com\/index.php\/wp-json\/wp\/v2\/posts\/9703","targetHints":{"allow":["GET"]}}],"collection":[{"href":"https:\/\/www.presseinvestigation.com\/index.php\/wp-json\/wp\/v2\/posts"}],"about":[{"href":"https:\/\/www.presseinvestigation.com\/index.php\/wp-json\/wp\/v2\/types\/post"}],"author":[{"embeddable":true,"href":"https:\/\/www.presseinvestigation.com\/index.php\/wp-json\/wp\/v2\/users\/3"}],"replies":[{"embeddable":true,"href":"https:\/\/www.presseinvestigation.com\/index.php\/wp-json\/wp\/v2\/comments?post=9703"}],"version-history":[{"count":1,"href":"https:\/\/www.presseinvestigation.com\/index.php\/wp-json\/wp\/v2\/posts\/9703\/revisions"}],"predecessor-version":[{"id":9704,"href":"https:\/\/www.presseinvestigation.com\/index.php\/wp-json\/wp\/v2\/posts\/9703\/revisions\/9704"}],"wp:featuredmedia":[{"embeddable":true,"href":"https:\/\/www.presseinvestigation.com\/index.php\/wp-json\/wp\/v2\/media\/9702"}],"wp:attachment":[{"href":"https:\/\/www.presseinvestigation.com\/index.php\/wp-json\/wp\/v2\/media?parent=9703"}],"wp:term":[{"taxonomy":"category","embeddable":true,"href":"https:\/\/www.presseinvestigation.com\/index.php\/wp-json\/wp\/v2\/categories?post=9703"},{"taxonomy":"post_tag","embeddable":true,"href":"https:\/\/www.presseinvestigation.com\/index.php\/wp-json\/wp\/v2\/tags?post=9703"}],"curies":[{"name":"wp","href":"https:\/\/api.w.org\/{rel}","templated":true}]}}