{"id":9747,"date":"2026-01-18T13:52:54","date_gmt":"2026-01-18T12:52:54","guid":{"rendered":"https:\/\/www.presseinvestigation.com\/index.php\/2026\/01\/18\/au-dela-de-lelection-unir-les-forces-pour-sauver-et-faire-avancer-la-guinee\/"},"modified":"2026-01-18T13:52:54","modified_gmt":"2026-01-18T12:52:54","slug":"au-dela-de-lelection-unir-les-forces-pour-sauver-et-faire-avancer-la-guinee","status":"publish","type":"post","link":"https:\/\/www.presseinvestigation.com\/index.php\/2026\/01\/18\/au-dela-de-lelection-unir-les-forces-pour-sauver-et-faire-avancer-la-guinee\/","title":{"rendered":"Au-del\u00e0 de l\u2019\u00e9lection : unir les forces pour sauver et faire avancer la Guin\u00e9e"},"content":{"rendered":"<p>Le Pr\u00e9sident de la R\u00e9publique est d\u00e9sormais investi. \u00c0 partir de cet instant solennel, il cesse d\u2019\u00eatre l\u2019homme d\u2019un camp pour devenir le garant du destin collectif. Cette investiture n\u2019est pas une r\u00e9compense politique, mais une charge historique : gouverner pour tous, sans exclusion, dans l\u2019int\u00e9r\u00eat sup\u00e9rieur de la Guin\u00e9e.<\/p>\n<p>Les fractures du pays sont r\u00e9elles. Profondes. Parfois douloureuses. Les frustrations accumul\u00e9es, les col\u00e8res contenues et les injustices per\u00e7ues ne peuvent \u00eatre balay\u00e9es d\u2019un revers de main. Les ignorer serait une erreur politique majeure. Mais s\u2019y enfermer serait une faute historique.<\/p>\n<p>Au-dessus de ces blessures, il y a une r\u00e9alit\u00e9 qui nous d\u00e9passe tous : la Guin\u00e9e, une et indivisible.<\/p>\n<p>Monsieur le Pr\u00e9sident, votre d\u00e9claration lors du discours d\u2019investiture \u2014 \u00ab On ne construit pas un pays dans la division et on ne b\u00e2tit pas un pays dans la haine \u00bb \u2014 vous engage. Elle vous oblige. Elle cr\u00e9e une attente nationale. Les Guin\u00e9ens jugeront d\u00e9sormais les actes \u00e0 l\u2019aune de ces paroles.<\/p>\n<p>L\u2019unit\u00e9 nationale : un imp\u00e9ratif, pas une option<\/p>\n<p>La Guin\u00e9e ne peut avancer dans un climat de suspicion permanente, de peur et d\u2019exclusion. Aucun \u00c9tat ne se d\u00e9veloppe durablement contre une partie de son peuple. L\u2019unit\u00e9 nationale n\u2019est pas un discours de circonstance : c\u2019est une responsabilit\u00e9 partag\u00e9e, mais d\u2019abord assum\u00e9e par ceux qui d\u00e9tiennent le pouvoir.<\/p>\n<p>La paix sociale ne se d\u00e9cr\u00e8te pas. Elle se construit par des choix courageux, parfois difficiles, mais n\u00e9cessaires. Les oppositions doivent jouer pleinement leur r\u00f4le, avec sens de la R\u00e9publique, mais le pouvoir doit comprendre qu\u2019une gouvernance ferm\u00e9e fragilise l\u2019\u00c9tat, tandis qu\u2019une gouvernance inclusive le renforce.<\/p>\n<p>Des actes politiques forts pour r\u00e9concilier la nation<\/p>\n<p>Le moment est venu de passer des intentions aux d\u00e9cisions. Le Pr\u00e9sident de la R\u00e9publique a aujourd\u2019hui l\u2019occasion de marquer l\u2019histoire non par la force, mais par la grandeur.<\/p>\n<p>Des gestes concrets s\u2019imposent :<\/p>\n<p><span style=\"white-space: normal\"> \u2022 la lib\u00e9ration des prisonniers politiques, pour rompre avec la logique de tension et restaurer la confiance ;<\/span><\/p>\n<p><span style=\"white-space: normal\"> \u2022 l\u2019ouverture d\u2019un dialogue franc et s\u00e9curis\u00e9 avec les exil\u00e9s politiques, afin de favoriser leur retour digne et apais\u00e9 ;<\/span><\/p>\n<p><span style=\"white-space: normal\"> \u2022 l\u2019affirmation claire d\u2019une justice ind\u00e9pendante, impartiale et cr\u00e9dible, pilier fondamental de toute nation stable.<\/span><\/p>\n<p>Ces mesures ne fragiliseraient pas l\u2019\u00c9tat. Elles le consolideraient. Elles ne remettraient pas en cause l\u2019autorit\u00e9 du Pr\u00e9sident ; elles l\u2019\u00e9l\u00e8veraient.<\/p>\n<p>D\u00e9velopper la Guin\u00e9e exige la stabilit\u00e9 et la confiance<\/p>\n<p>Aucun programme \u00e9conomique, aucune r\u00e9forme institutionnelle, aucun projet de transformation ne peut prosp\u00e9rer dans un pays divis\u00e9. L\u2019investissement fuit l\u2019instabilit\u00e9. Le d\u00e9veloppement recule lorsque la m\u00e9fiance s\u2019installe.<\/p>\n<p>La Guin\u00e9e a besoin d\u2019un climat politique apais\u00e9 pour lib\u00e9rer son potentiel humain, \u00e9conomique et social. Elle a besoin d\u2019un leadership rassembleur, capable d\u2019\u00e9couter, de corriger et d\u2019anticiper.<\/p>\n<p>Conclusion : l\u2019\u00e9preuve de la hauteur d\u2019\u00c9tat<\/p>\n<p>L\u2019histoire ne retiendra ni les slogans ni les postures. Elle retiendra les choix. Elle retiendra ceux qui auront pr\u00e9f\u00e9r\u00e9 la nation \u00e0 leur camp, la paix \u00e0 la revanche, l\u2019avenir \u00e0 l\u2019instant.<\/p>\n<p>La Guin\u00e9e m\u00e9rite un pouvoir fort, mais juste. Autoritaire dans la vision, mais humain dans l\u2019exercice.<\/p>\n<p>Car au-dessus des hommes, des \u00e9lections et des divergences politiques, il y a une seule chose qui doit nous unir : la Guin\u00e9e<\/p>\n<p><strong>par Aboubacar sidiki WATTARA ,citoyen guin\u00e9en\u00a0<\/strong><\/p>\n","protected":false},"excerpt":{"rendered":"<p>Le Pr\u00e9sident de la R\u00e9publique est d\u00e9sormais investi. \u00c0 partir de cet instant solennel, il cesse d\u2019\u00eatre l\u2019homme d\u2019un camp pour devenir le garant du destin collectif. Cette investiture n\u2019est pas une r\u00e9compense politique, mais une charge historique : gouverner pour tous, sans exclusion, dans l\u2019int\u00e9r\u00eat sup\u00e9rieur de la Guin\u00e9e. Les fractures du pays sont [&hellip;]<\/p>\n","protected":false},"author":3,"featured_media":9746,"comment_status":"open","ping_status":"open","sticky":false,"template":"","format":"standard","meta":{"jnews-multi-image_gallery":[],"jnews_single_post":[],"jnews_primary_category":[],"footnotes":""},"categories":[48],"tags":[],"class_list":["post-9747","post","type-post","status-publish","format-standard","has-post-thumbnail","hentry","category-opinion"],"yoast_head":"<!-- This site is optimized with the Yoast SEO plugin v27.3 - https:\/\/yoast.com\/product\/yoast-seo-wordpress\/ -->\n<title>Au-del\u00e0 de l\u2019\u00e9lection : unir les forces pour sauver et faire avancer la Guin\u00e9e - Presseinvestigation<\/title>\n<meta name=\"robots\" content=\"index, follow, max-snippet:-1, max-image-preview:large, max-video-preview:-1\" \/>\n<link rel=\"canonical\" href=\"https:\/\/www.presseinvestigation.com\/index.php\/2026\/01\/18\/au-dela-de-lelection-unir-les-forces-pour-sauver-et-faire-avancer-la-guinee\/\" \/>\n<meta property=\"og:locale\" content=\"fr_FR\" \/>\n<meta property=\"og:type\" content=\"article\" \/>\n<meta property=\"og:title\" content=\"Au-del\u00e0 de l\u2019\u00e9lection : unir les forces pour sauver et faire avancer la Guin\u00e9e - Presseinvestigation\" \/>\n<meta property=\"og:description\" content=\"Le Pr\u00e9sident de la R\u00e9publique est d\u00e9sormais investi. \u00c0 partir de cet instant solennel, il cesse d\u2019\u00eatre l\u2019homme d\u2019un camp pour devenir le garant du destin collectif. Cette investiture n\u2019est pas une r\u00e9compense politique, mais une charge historique : gouverner pour tous, sans exclusion, dans l\u2019int\u00e9r\u00eat sup\u00e9rieur de la Guin\u00e9e. Les fractures du pays sont [&hellip;]\" \/>\n<meta property=\"og:url\" content=\"https:\/\/www.presseinvestigation.com\/index.php\/2026\/01\/18\/au-dela-de-lelection-unir-les-forces-pour-sauver-et-faire-avancer-la-guinee\/\" \/>\n<meta property=\"og:site_name\" content=\"Presseinvestigation\" \/>\n<meta property=\"article:published_time\" content=\"2026-01-18T12:52:54+00:00\" \/>\n<meta property=\"og:image\" content=\"https:\/\/www.presseinvestigation.com\/wp-content\/uploads\/2026\/01\/IMG-20260118-WA00051.jpg\" \/>\n\t<meta property=\"og:image:width\" content=\"641\" \/>\n\t<meta property=\"og:image:height\" content=\"553\" \/>\n\t<meta property=\"og:image:type\" content=\"image\/jpeg\" \/>\n<meta name=\"author\" content=\"Presseinvestigation.com\" \/>\n<meta name=\"twitter:card\" content=\"summary_large_image\" \/>\n<meta name=\"twitter:label1\" content=\"\u00c9crit par\" \/>\n\t<meta name=\"twitter:data1\" content=\"Presseinvestigation.com\" \/>\n\t<meta name=\"twitter:label2\" content=\"Dur\u00e9e de lecture estim\u00e9e\" \/>\n\t<meta name=\"twitter:data2\" content=\"3 minutes\" \/>\n<script type=\"application\/ld+json\" class=\"yoast-schema-graph\">{\"@context\":\"https:\\\/\\\/schema.org\",\"@graph\":[{\"@type\":\"Article\",\"@id\":\"https:\\\/\\\/www.presseinvestigation.com\\\/index.php\\\/2026\\\/01\\\/18\\\/au-dela-de-lelection-unir-les-forces-pour-sauver-et-faire-avancer-la-guinee\\\/#article\",\"isPartOf\":{\"@id\":\"https:\\\/\\\/www.presseinvestigation.com\\\/index.php\\\/2026\\\/01\\\/18\\\/au-dela-de-lelection-unir-les-forces-pour-sauver-et-faire-avancer-la-guinee\\\/\"},\"author\":{\"name\":\"Presseinvestigation.com\",\"@id\":\"https:\\\/\\\/www.presseinvestigation.com\\\/#\\\/schema\\\/person\\\/9eeee3740b98a364b2d60ad43edf321d\"},\"headline\":\"Au-del\u00e0 de l\u2019\u00e9lection : unir les forces pour sauver et faire avancer la Guin\u00e9e\",\"datePublished\":\"2026-01-18T12:52:54+00:00\",\"mainEntityOfPage\":{\"@id\":\"https:\\\/\\\/www.presseinvestigation.com\\\/index.php\\\/2026\\\/01\\\/18\\\/au-dela-de-lelection-unir-les-forces-pour-sauver-et-faire-avancer-la-guinee\\\/\"},\"wordCount\":624,\"commentCount\":0,\"image\":{\"@id\":\"https:\\\/\\\/www.presseinvestigation.com\\\/index.php\\\/2026\\\/01\\\/18\\\/au-dela-de-lelection-unir-les-forces-pour-sauver-et-faire-avancer-la-guinee\\\/#primaryimage\"},\"thumbnailUrl\":\"https:\\\/\\\/www.presseinvestigation.com\\\/wp-content\\\/uploads\\\/2026\\\/01\\\/IMG-20260118-WA00051.jpg\",\"articleSection\":[\"Opinion\"],\"inLanguage\":\"fr-FR\",\"potentialAction\":[{\"@type\":\"CommentAction\",\"name\":\"Comment\",\"target\":[\"https:\\\/\\\/www.presseinvestigation.com\\\/index.php\\\/2026\\\/01\\\/18\\\/au-dela-de-lelection-unir-les-forces-pour-sauver-et-faire-avancer-la-guinee\\\/#respond\"]}]},{\"@type\":\"WebPage\",\"@id\":\"https:\\\/\\\/www.presseinvestigation.com\\\/index.php\\\/2026\\\/01\\\/18\\\/au-dela-de-lelection-unir-les-forces-pour-sauver-et-faire-avancer-la-guinee\\\/\",\"url\":\"https:\\\/\\\/www.presseinvestigation.com\\\/index.php\\\/2026\\\/01\\\/18\\\/au-dela-de-lelection-unir-les-forces-pour-sauver-et-faire-avancer-la-guinee\\\/\",\"name\":\"Au-del\u00e0 de l\u2019\u00e9lection : unir les forces pour sauver et faire avancer la Guin\u00e9e - Presseinvestigation\",\"isPartOf\":{\"@id\":\"https:\\\/\\\/www.presseinvestigation.com\\\/#website\"},\"primaryImageOfPage\":{\"@id\":\"https:\\\/\\\/www.presseinvestigation.com\\\/index.php\\\/2026\\\/01\\\/18\\\/au-dela-de-lelection-unir-les-forces-pour-sauver-et-faire-avancer-la-guinee\\\/#primaryimage\"},\"image\":{\"@id\":\"https:\\\/\\\/www.presseinvestigation.com\\\/index.php\\\/2026\\\/01\\\/18\\\/au-dela-de-lelection-unir-les-forces-pour-sauver-et-faire-avancer-la-guinee\\\/#primaryimage\"},\"thumbnailUrl\":\"https:\\\/\\\/www.presseinvestigation.com\\\/wp-content\\\/uploads\\\/2026\\\/01\\\/IMG-20260118-WA00051.jpg\",\"datePublished\":\"2026-01-18T12:52:54+00:00\",\"author\":{\"@id\":\"https:\\\/\\\/www.presseinvestigation.com\\\/#\\\/schema\\\/person\\\/9eeee3740b98a364b2d60ad43edf321d\"},\"breadcrumb\":{\"@id\":\"https:\\\/\\\/www.presseinvestigation.com\\\/index.php\\\/2026\\\/01\\\/18\\\/au-dela-de-lelection-unir-les-forces-pour-sauver-et-faire-avancer-la-guinee\\\/#breadcrumb\"},\"inLanguage\":\"fr-FR\",\"potentialAction\":[{\"@type\":\"ReadAction\",\"target\":[\"https:\\\/\\\/www.presseinvestigation.com\\\/index.php\\\/2026\\\/01\\\/18\\\/au-dela-de-lelection-unir-les-forces-pour-sauver-et-faire-avancer-la-guinee\\\/\"]}]},{\"@type\":\"ImageObject\",\"inLanguage\":\"fr-FR\",\"@id\":\"https:\\\/\\\/www.presseinvestigation.com\\\/index.php\\\/2026\\\/01\\\/18\\\/au-dela-de-lelection-unir-les-forces-pour-sauver-et-faire-avancer-la-guinee\\\/#primaryimage\",\"url\":\"https:\\\/\\\/www.presseinvestigation.com\\\/wp-content\\\/uploads\\\/2026\\\/01\\\/IMG-20260118-WA00051.jpg\",\"contentUrl\":\"https:\\\/\\\/www.presseinvestigation.com\\\/wp-content\\\/uploads\\\/2026\\\/01\\\/IMG-20260118-WA00051.jpg\",\"width\":641,\"height\":553},{\"@type\":\"BreadcrumbList\",\"@id\":\"https:\\\/\\\/www.presseinvestigation.com\\\/index.php\\\/2026\\\/01\\\/18\\\/au-dela-de-lelection-unir-les-forces-pour-sauver-et-faire-avancer-la-guinee\\\/#breadcrumb\",\"itemListElement\":[{\"@type\":\"ListItem\",\"position\":1,\"name\":\"Accueil\",\"item\":\"https:\\\/\\\/www.presseinvestigation.com\\\/\"},{\"@type\":\"ListItem\",\"position\":2,\"name\":\"Au-del\u00e0 de l\u2019\u00e9lection : unir les forces pour sauver et faire avancer la Guin\u00e9e\"}]},{\"@type\":\"WebSite\",\"@id\":\"https:\\\/\\\/www.presseinvestigation.com\\\/#website\",\"url\":\"https:\\\/\\\/www.presseinvestigation.com\\\/\",\"name\":\"Presseinvestigation\",\"description\":\"Informer dans l&#039;impartialit\u00e9\",\"potentialAction\":[{\"@type\":\"SearchAction\",\"target\":{\"@type\":\"EntryPoint\",\"urlTemplate\":\"https:\\\/\\\/www.presseinvestigation.com\\\/?s={search_term_string}\"},\"query-input\":{\"@type\":\"PropertyValueSpecification\",\"valueRequired\":true,\"valueName\":\"search_term_string\"}}],\"inLanguage\":\"fr-FR\"},{\"@type\":\"Person\",\"@id\":\"https:\\\/\\\/www.presseinvestigation.com\\\/#\\\/schema\\\/person\\\/9eeee3740b98a364b2d60ad43edf321d\",\"name\":\"Presseinvestigation.com\",\"image\":{\"@type\":\"ImageObject\",\"inLanguage\":\"fr-FR\",\"@id\":\"https:\\\/\\\/www.presseinvestigation.com\\\/wp-content\\\/uploads\\\/2025\\\/12\\\/cropped-Logo_investigation-02-1-96x96.png\",\"url\":\"https:\\\/\\\/www.presseinvestigation.com\\\/wp-content\\\/uploads\\\/2025\\\/12\\\/cropped-Logo_investigation-02-1-96x96.png\",\"contentUrl\":\"https:\\\/\\\/www.presseinvestigation.com\\\/wp-content\\\/uploads\\\/2025\\\/12\\\/cropped-Logo_investigation-02-1-96x96.png\",\"caption\":\"Presseinvestigation.com\"},\"sameAs\":[\"https:\\\/\\\/wordpress.com\"],\"url\":\"https:\\\/\\\/www.presseinvestigation.com\\\/index.php\\\/author\\\/blog_table\\\/\"}]}<\/script>\n<!-- \/ Yoast SEO plugin. -->","yoast_head_json":{"title":"Au-del\u00e0 de l\u2019\u00e9lection : unir les forces pour sauver et faire avancer la Guin\u00e9e - Presseinvestigation","robots":{"index":"index","follow":"follow","max-snippet":"max-snippet:-1","max-image-preview":"max-image-preview:large","max-video-preview":"max-video-preview:-1"},"canonical":"https:\/\/www.presseinvestigation.com\/index.php\/2026\/01\/18\/au-dela-de-lelection-unir-les-forces-pour-sauver-et-faire-avancer-la-guinee\/","og_locale":"fr_FR","og_type":"article","og_title":"Au-del\u00e0 de l\u2019\u00e9lection : unir les forces pour sauver et faire avancer la Guin\u00e9e - Presseinvestigation","og_description":"Le Pr\u00e9sident de la R\u00e9publique est d\u00e9sormais investi. \u00c0 partir de cet instant solennel, il cesse d\u2019\u00eatre l\u2019homme d\u2019un camp pour devenir le garant du destin collectif. Cette investiture n\u2019est pas une r\u00e9compense politique, mais une charge historique : gouverner pour tous, sans exclusion, dans l\u2019int\u00e9r\u00eat sup\u00e9rieur de la Guin\u00e9e. Les fractures du pays sont [&hellip;]","og_url":"https:\/\/www.presseinvestigation.com\/index.php\/2026\/01\/18\/au-dela-de-lelection-unir-les-forces-pour-sauver-et-faire-avancer-la-guinee\/","og_site_name":"Presseinvestigation","article_published_time":"2026-01-18T12:52:54+00:00","og_image":[{"width":641,"height":553,"url":"https:\/\/www.presseinvestigation.com\/wp-content\/uploads\/2026\/01\/IMG-20260118-WA00051.jpg","type":"image\/jpeg"}],"author":"Presseinvestigation.com","twitter_card":"summary_large_image","twitter_misc":{"\u00c9crit par":"Presseinvestigation.com","Dur\u00e9e de lecture estim\u00e9e":"3 minutes"},"schema":{"@context":"https:\/\/schema.org","@graph":[{"@type":"Article","@id":"https:\/\/www.presseinvestigation.com\/index.php\/2026\/01\/18\/au-dela-de-lelection-unir-les-forces-pour-sauver-et-faire-avancer-la-guinee\/#article","isPartOf":{"@id":"https:\/\/www.presseinvestigation.com\/index.php\/2026\/01\/18\/au-dela-de-lelection-unir-les-forces-pour-sauver-et-faire-avancer-la-guinee\/"},"author":{"name":"Presseinvestigation.com","@id":"https:\/\/www.presseinvestigation.com\/#\/schema\/person\/9eeee3740b98a364b2d60ad43edf321d"},"headline":"Au-del\u00e0 de l\u2019\u00e9lection : unir les forces pour sauver et faire avancer la Guin\u00e9e","datePublished":"2026-01-18T12:52:54+00:00","mainEntityOfPage":{"@id":"https:\/\/www.presseinvestigation.com\/index.php\/2026\/01\/18\/au-dela-de-lelection-unir-les-forces-pour-sauver-et-faire-avancer-la-guinee\/"},"wordCount":624,"commentCount":0,"image":{"@id":"https:\/\/www.presseinvestigation.com\/index.php\/2026\/01\/18\/au-dela-de-lelection-unir-les-forces-pour-sauver-et-faire-avancer-la-guinee\/#primaryimage"},"thumbnailUrl":"https:\/\/www.presseinvestigation.com\/wp-content\/uploads\/2026\/01\/IMG-20260118-WA00051.jpg","articleSection":["Opinion"],"inLanguage":"fr-FR","potentialAction":[{"@type":"CommentAction","name":"Comment","target":["https:\/\/www.presseinvestigation.com\/index.php\/2026\/01\/18\/au-dela-de-lelection-unir-les-forces-pour-sauver-et-faire-avancer-la-guinee\/#respond"]}]},{"@type":"WebPage","@id":"https:\/\/www.presseinvestigation.com\/index.php\/2026\/01\/18\/au-dela-de-lelection-unir-les-forces-pour-sauver-et-faire-avancer-la-guinee\/","url":"https:\/\/www.presseinvestigation.com\/index.php\/2026\/01\/18\/au-dela-de-lelection-unir-les-forces-pour-sauver-et-faire-avancer-la-guinee\/","name":"Au-del\u00e0 de l\u2019\u00e9lection : unir les forces pour sauver et faire avancer la Guin\u00e9e - Presseinvestigation","isPartOf":{"@id":"https:\/\/www.presseinvestigation.com\/#website"},"primaryImageOfPage":{"@id":"https:\/\/www.presseinvestigation.com\/index.php\/2026\/01\/18\/au-dela-de-lelection-unir-les-forces-pour-sauver-et-faire-avancer-la-guinee\/#primaryimage"},"image":{"@id":"https:\/\/www.presseinvestigation.com\/index.php\/2026\/01\/18\/au-dela-de-lelection-unir-les-forces-pour-sauver-et-faire-avancer-la-guinee\/#primaryimage"},"thumbnailUrl":"https:\/\/www.presseinvestigation.com\/wp-content\/uploads\/2026\/01\/IMG-20260118-WA00051.jpg","datePublished":"2026-01-18T12:52:54+00:00","author":{"@id":"https:\/\/www.presseinvestigation.com\/#\/schema\/person\/9eeee3740b98a364b2d60ad43edf321d"},"breadcrumb":{"@id":"https:\/\/www.presseinvestigation.com\/index.php\/2026\/01\/18\/au-dela-de-lelection-unir-les-forces-pour-sauver-et-faire-avancer-la-guinee\/#breadcrumb"},"inLanguage":"fr-FR","potentialAction":[{"@type":"ReadAction","target":["https:\/\/www.presseinvestigation.com\/index.php\/2026\/01\/18\/au-dela-de-lelection-unir-les-forces-pour-sauver-et-faire-avancer-la-guinee\/"]}]},{"@type":"ImageObject","inLanguage":"fr-FR","@id":"https:\/\/www.presseinvestigation.com\/index.php\/2026\/01\/18\/au-dela-de-lelection-unir-les-forces-pour-sauver-et-faire-avancer-la-guinee\/#primaryimage","url":"https:\/\/www.presseinvestigation.com\/wp-content\/uploads\/2026\/01\/IMG-20260118-WA00051.jpg","contentUrl":"https:\/\/www.presseinvestigation.com\/wp-content\/uploads\/2026\/01\/IMG-20260118-WA00051.jpg","width":641,"height":553},{"@type":"BreadcrumbList","@id":"https:\/\/www.presseinvestigation.com\/index.php\/2026\/01\/18\/au-dela-de-lelection-unir-les-forces-pour-sauver-et-faire-avancer-la-guinee\/#breadcrumb","itemListElement":[{"@type":"ListItem","position":1,"name":"Accueil","item":"https:\/\/www.presseinvestigation.com\/"},{"@type":"ListItem","position":2,"name":"Au-del\u00e0 de l\u2019\u00e9lection : unir les forces pour sauver et faire avancer la Guin\u00e9e"}]},{"@type":"WebSite","@id":"https:\/\/www.presseinvestigation.com\/#website","url":"https:\/\/www.presseinvestigation.com\/","name":"Presseinvestigation","description":"Informer dans l&#039;impartialit\u00e9","potentialAction":[{"@type":"SearchAction","target":{"@type":"EntryPoint","urlTemplate":"https:\/\/www.presseinvestigation.com\/?s={search_term_string}"},"query-input":{"@type":"PropertyValueSpecification","valueRequired":true,"valueName":"search_term_string"}}],"inLanguage":"fr-FR"},{"@type":"Person","@id":"https:\/\/www.presseinvestigation.com\/#\/schema\/person\/9eeee3740b98a364b2d60ad43edf321d","name":"Presseinvestigation.com","image":{"@type":"ImageObject","inLanguage":"fr-FR","@id":"https:\/\/www.presseinvestigation.com\/wp-content\/uploads\/2025\/12\/cropped-Logo_investigation-02-1-96x96.png","url":"https:\/\/www.presseinvestigation.com\/wp-content\/uploads\/2025\/12\/cropped-Logo_investigation-02-1-96x96.png","contentUrl":"https:\/\/www.presseinvestigation.com\/wp-content\/uploads\/2025\/12\/cropped-Logo_investigation-02-1-96x96.png","caption":"Presseinvestigation.com"},"sameAs":["https:\/\/wordpress.com"],"url":"https:\/\/www.presseinvestigation.com\/index.php\/author\/blog_table\/"}]}},"_links":{"self":[{"href":"https:\/\/www.presseinvestigation.com\/index.php\/wp-json\/wp\/v2\/posts\/9747","targetHints":{"allow":["GET"]}}],"collection":[{"href":"https:\/\/www.presseinvestigation.com\/index.php\/wp-json\/wp\/v2\/posts"}],"about":[{"href":"https:\/\/www.presseinvestigation.com\/index.php\/wp-json\/wp\/v2\/types\/post"}],"author":[{"embeddable":true,"href":"https:\/\/www.presseinvestigation.com\/index.php\/wp-json\/wp\/v2\/users\/3"}],"replies":[{"embeddable":true,"href":"https:\/\/www.presseinvestigation.com\/index.php\/wp-json\/wp\/v2\/comments?post=9747"}],"version-history":[{"count":1,"href":"https:\/\/www.presseinvestigation.com\/index.php\/wp-json\/wp\/v2\/posts\/9747\/revisions"}],"predecessor-version":[{"id":9748,"href":"https:\/\/www.presseinvestigation.com\/index.php\/wp-json\/wp\/v2\/posts\/9747\/revisions\/9748"}],"wp:featuredmedia":[{"embeddable":true,"href":"https:\/\/www.presseinvestigation.com\/index.php\/wp-json\/wp\/v2\/media\/9746"}],"wp:attachment":[{"href":"https:\/\/www.presseinvestigation.com\/index.php\/wp-json\/wp\/v2\/media?parent=9747"}],"wp:term":[{"taxonomy":"category","embeddable":true,"href":"https:\/\/www.presseinvestigation.com\/index.php\/wp-json\/wp\/v2\/categories?post=9747"},{"taxonomy":"post_tag","embeddable":true,"href":"https:\/\/www.presseinvestigation.com\/index.php\/wp-json\/wp\/v2\/tags?post=9747"}],"curies":[{"name":"wp","href":"https:\/\/api.w.org\/{rel}","templated":true}]}}