{"id":9824,"date":"2026-03-10T07:39:22","date_gmt":"2026-03-10T06:39:22","guid":{"rendered":"https:\/\/www.presseinvestigation.com\/index.php\/2026\/03\/10\/escalade-de-lexploitation-sauvage-de-lor-en-guinee-voici-les-tetes-misent-en-cause\/"},"modified":"2026-03-10T21:49:10","modified_gmt":"2026-03-10T20:49:10","slug":"escalade-de-lexploitation-sauvage-de-lor-en-guinee-voici-les-tetes-misent-en-cause","status":"publish","type":"post","link":"https:\/\/www.presseinvestigation.com\/index.php\/2026\/03\/10\/escalade-de-lexploitation-sauvage-de-lor-en-guinee-voici-les-tetes-misent-en-cause\/","title":{"rendered":"Escalade de l\u2019exploitation sauvage de l\u2019or en Guin\u00e9e\u00a0: Voici les t\u00eates mises en cause\u00a0!"},"content":{"rendered":"<p><strong>Bouna SYLLA, Ministre des Mines et de la G\u00e9ologie, Moussa B\u00c9R\u00c9T\u00c9, Directeur du Service de coop\u00e9ration et d\u2019Investissement Minier(SECIM) ; Ibrahima Sory CONT\u00c9 Directeur G\u00e9n\u00e9ral de l\u2019Office guin\u00e9en d\u2019expertise de l\u2019Or, du Diamant et autres mati\u00e8res pr\u00e9cieuses, Tidiane KO\u00cfTA, Pr\u00e9sident de l\u2019Union Nationale des Orpailleurs de Guin\u00e9e(UNOG), Ousmane KABA directeur National des Mines. Voil\u00e0 les noms qui courent sur toutes les l\u00e8vres, dans les rouages de l\u2019administration mini\u00e8re ainsi qu\u2019au sein des communaut\u00e9s impact\u00e9es. Ils sont reproch\u00e9s d\u2019avoir instaur\u00e9 l\u2019orpaillage m\u00e9canis\u00e9 incontr\u00f4l\u00e9 qui d\u00e9g\u00e9n\u00e8re en exploitation sauvage notamment \u00e0 siguiri et \u00e0 Kouroussa.<\/strong><\/p>\n<p><a href=\"https:\/\/www.presseinvestigation.com\/wp-content\/uploads\/2026\/03\/FunPic_20260308_065317519-1.jpg\"><img decoding=\"async\" class=\"attachment-full size-full\" src=\"https:\/\/www.presseinvestigation.com\/wp-content\/uploads\/2026\/03\/FunPic_20260308_065317519-1.jpg\" alt=\"\" \/><\/a><\/p>\n<p>Les cadres du D\u00e9partement des Mines et de la G\u00e9ologie index\u00e9s ci-dessus,\u00a0 se sont ils soucieux\u00a0 de l\u2019int\u00e9r\u00eat g\u00e9n\u00e9ral du pays en r\u00e9alisant le projet d\u2019orpaillage m\u00e9canis\u00e9? Visiblement,non. Ils se sont mis au service des lobbys tapis dans l\u2019ombre. Leur travail en commission restreinte pour la reforme de cette fili\u00e8re, a abouti \u00e0 la livrer\u00a0 aux groupes d\u2019int\u00e9r\u00eat nationaux en complicit\u00e9 avec des chinois, qui sont en train de d\u00e9vaster les for\u00eats et les terres des communaut\u00e9s \u00e0 l\u2019aide des poclins .Une v\u00e9ritable op\u00e9ration de pillage des ressources aurif\u00e8res du pays au d\u00e9triment de l\u2019Etat et du peuple.<\/p>\n<p>Tidiane Koita pr\u00e9sident de l\u2019Union National des Orpailleurs de Guin\u00e9e(UNOG), est cit\u00e9 comme la t\u00eate des groupes d\u2019int\u00e9r\u00eat, soup\u00e7onn\u00e9s de soudoyer le Ministre Bouna SYLLA et sa commission restreinte, afin de les laisser faire cette exploitation m\u00e9canis\u00e9e de l\u2019or, comme bon leur semble sur le terrain.<\/p>\n<p><a href=\"https:\/\/www.presseinvestigation.com\/wp-content\/uploads\/2026\/03\/images-2.jpg\"><img decoding=\"async\" class=\"attachment-full size-full\" src=\"https:\/\/www.presseinvestigation.com\/wp-content\/uploads\/2026\/03\/images-2.jpg\" alt=\"\" \/><\/a><\/p>\n<p>Moussa BERETE, Directeur du Service de coop\u00e9ration et d\u2019Investissement Minier(SECIM) ; pr\u00e9c\u00e9demment Directeur G\u00e9n\u00e9ral du Centre de Promotion et de D\u00e9veloppement Minier(CPDM), c\u2019est lui que le Ministre Bouna a d\u00e9p\u00each\u00e9 en mission pendant plusieurs mois en Haute Guin\u00e9e, pour aller cibler les zones qui sont en train d\u2019\u00eatre pill\u00e9es. Etant ex DG du CPDM, il aurait us\u00e9 de sa connaissance du cadastre minier, orchestr\u00e9 sous fond de deal, l\u2019installation compromettante des groupes chinois exploitants m\u00e9canis\u00e9s de l\u2019or. Ces chinois avec leurs poclins sont en train de commettre des d\u00e9gats \u00e9cologiques , partout o\u00f9 ils sont implant\u00e9s.<\/p>\n<p><a href=\"https:\/\/www.presseinvestigation.com\/wp-content\/uploads\/2026\/03\/FB_IMG_1772930989530.jpg\"><img decoding=\"async\" class=\"attachment-full size-full\" src=\"https:\/\/www.presseinvestigation.com\/wp-content\/uploads\/2026\/03\/FB_IMG_1772930989530.jpg\" alt=\"\" \/><\/a><\/p>\n<p>Ousmane KABA, Directeur National des Mines, c\u2019est lui qui d\u00e9livre les autorisations. Plusieurs documents sous sa signature ont \u00e9t\u00e9 intercept\u00e9s dans les mains des exploitants m\u00e9canis\u00e9s, auteurs de la d\u00e9vastation des for\u00eats, des terres agricoles et des cours d\u2019eau dans les localit\u00e9s de Siguiri et de Kouroussa.<\/p>\n<p>Ibrahima Sory CONTE DG de l\u2019Office guin\u00e9en d\u2019expertise de l\u2019Or, du Diamant et autres mati\u00e8res pr\u00e9cieuses. Lui, normalement son r\u00f4le c\u2019est dans la sc\u00e8ne de commercialisation de l\u2019or et non pas dans la production. Mais, il a franchi les limites pour se retrouver dans le recouvrement des frais des parcelles dedi\u00e9es \u00e0 l&#8217;extraction mecanis\u00e9e de l&#8217;or. Alors que la l\u00e9gislation mini\u00e8re ne pr\u00e9voit aucune disposition dans les attributions de son office, le permettant de s\u2019impliquer dans la phase de production du metal jaune.<\/p>\n<p><a href=\"https:\/\/www.presseinvestigation.com\/wp-content\/uploads\/2026\/03\/FB_IMG_1772930999877.jpg\"><img decoding=\"async\" class=\"attachment-full size-full\" src=\"https:\/\/www.presseinvestigation.com\/wp-content\/uploads\/2026\/03\/FB_IMG_1772930999877.jpg\" alt=\"\" \/><\/a><\/p>\n<p>Et, pour intimider les citoyens \u00e0 la base qui contestent contre les consequences catastrophiques provoqu\u00e9es par cette pratique nebuleuse, les cadres indiqu\u00e9s ci-haut, auraient fait impliquer dans leur circuit , certains membres de la famille et des proches de la Pr\u00e9sidence de la R\u00e9publique, ainsi que les autorit\u00e9s militaires et gendarmes de siguiri. Ce qui rallonge la liste des complices.<\/p>\n<p>Pour rappel, \u00e0 l\u2019arriv\u00e9e du Comit\u00e9 National pour Rassemblement et le D\u00e9veloppement (CNRD) au Pouvoir le 5 septembre 2021, les activit\u00e9s de l\u2019orpaillage ont \u00e9t\u00e9 stopp\u00e9es sur toute l\u2019\u00e9tendue du territoire national, sous pr\u00e9texte de le r\u00e9organiser. Mais \u00e0 la place des r\u00e9formes promises dans l\u2019int\u00e9r\u00eat g\u00e9n\u00e9ral, aujourd&#8217;hui, le peuple observe,une destruction spectaculaire de l\u2019Environnement.<\/p>\n<p>A suivre !<\/p>\n<p><strong>P\u00f4le Enqu\u00eate de presseinvestigation.com, sous la Direction de Toumany CAMARA<\/strong><\/p>\n","protected":false},"excerpt":{"rendered":"<p>Bouna SYLLA, Ministre des Mines et de la G\u00e9ologie, Moussa B\u00c9R\u00c9T\u00c9, Directeur du Service de coop\u00e9ration et d\u2019Investissement Minier(SECIM) ; Ibrahima Sory CONT\u00c9 Directeur G\u00e9n\u00e9ral de l\u2019Office guin\u00e9en d\u2019expertise de l\u2019Or, du Diamant et autres mati\u00e8res pr\u00e9cieuses, Tidiane KO\u00cfTA, Pr\u00e9sident de l\u2019Union Nationale des Orpailleurs de Guin\u00e9e(UNOG), Ousmane KABA directeur National des Mines. Voil\u00e0 les [&hellip;]<\/p>\n","protected":false},"author":2,"featured_media":9819,"comment_status":"open","ping_status":"open","sticky":false,"template":"","format":"standard","meta":{"jnews-multi-image_gallery":[],"jnews_single_post":[],"jnews_primary_category":[],"footnotes":""},"categories":[106],"tags":[],"class_list":["post-9824","post","type-post","status-publish","format-standard","has-post-thumbnail","hentry","category-pole-enquete-mines"],"yoast_head":"<!-- This site is optimized with the Yoast SEO plugin v27.3 - https:\/\/yoast.com\/product\/yoast-seo-wordpress\/ -->\n<title>Escalade de l\u2019exploitation sauvage de l\u2019or en Guin\u00e9e\u00a0: Voici les t\u00eates mises en cause\u00a0! - Presseinvestigation<\/title>\n<meta name=\"robots\" content=\"index, follow, max-snippet:-1, max-image-preview:large, max-video-preview:-1\" \/>\n<link rel=\"canonical\" href=\"https:\/\/www.presseinvestigation.com\/index.php\/2026\/03\/10\/escalade-de-lexploitation-sauvage-de-lor-en-guinee-voici-les-tetes-misent-en-cause\/\" \/>\n<meta property=\"og:locale\" content=\"fr_FR\" \/>\n<meta property=\"og:type\" content=\"article\" \/>\n<meta property=\"og:title\" content=\"Escalade de l\u2019exploitation sauvage de l\u2019or en Guin\u00e9e\u00a0: Voici les t\u00eates mises en cause\u00a0! - Presseinvestigation\" \/>\n<meta property=\"og:description\" content=\"Bouna SYLLA, Ministre des Mines et de la G\u00e9ologie, Moussa B\u00c9R\u00c9T\u00c9, Directeur du Service de coop\u00e9ration et d\u2019Investissement Minier(SECIM) ; Ibrahima Sory CONT\u00c9 Directeur G\u00e9n\u00e9ral de l\u2019Office guin\u00e9en d\u2019expertise de l\u2019Or, du Diamant et autres mati\u00e8res pr\u00e9cieuses, Tidiane KO\u00cfTA, Pr\u00e9sident de l\u2019Union Nationale des Orpailleurs de Guin\u00e9e(UNOG), Ousmane KABA directeur National des Mines. Voil\u00e0 les [&hellip;]\" \/>\n<meta property=\"og:url\" content=\"https:\/\/www.presseinvestigation.com\/index.php\/2026\/03\/10\/escalade-de-lexploitation-sauvage-de-lor-en-guinee-voici-les-tetes-misent-en-cause\/\" \/>\n<meta property=\"og:site_name\" content=\"Presseinvestigation\" \/>\n<meta property=\"article:published_time\" content=\"2026-03-10T06:39:22+00:00\" \/>\n<meta property=\"article:modified_time\" content=\"2026-03-10T20:49:10+00:00\" \/>\n<meta property=\"og:image\" content=\"https:\/\/www.presseinvestigation.com\/wp-content\/uploads\/2026\/03\/FunPic_20260308_065317519.jpg\" \/>\n\t<meta property=\"og:image:width\" content=\"1885\" \/>\n\t<meta property=\"og:image:height\" content=\"1628\" \/>\n\t<meta property=\"og:image:type\" content=\"image\/jpeg\" \/>\n<meta name=\"author\" content=\"Presseinvestigation.com\" \/>\n<meta name=\"twitter:card\" content=\"summary_large_image\" \/>\n<meta name=\"twitter:label1\" content=\"\u00c9crit par\" \/>\n\t<meta name=\"twitter:data1\" content=\"Presseinvestigation.com\" \/>\n\t<meta name=\"twitter:label2\" content=\"Dur\u00e9e de lecture estim\u00e9e\" \/>\n\t<meta name=\"twitter:data2\" content=\"5 minutes\" \/>\n<script type=\"application\/ld+json\" class=\"yoast-schema-graph\">{\"@context\":\"https:\\\/\\\/schema.org\",\"@graph\":[{\"@type\":\"Article\",\"@id\":\"https:\\\/\\\/www.presseinvestigation.com\\\/index.php\\\/2026\\\/03\\\/10\\\/escalade-de-lexploitation-sauvage-de-lor-en-guinee-voici-les-tetes-misent-en-cause\\\/#article\",\"isPartOf\":{\"@id\":\"https:\\\/\\\/www.presseinvestigation.com\\\/index.php\\\/2026\\\/03\\\/10\\\/escalade-de-lexploitation-sauvage-de-lor-en-guinee-voici-les-tetes-misent-en-cause\\\/\"},\"author\":{\"name\":\"Presseinvestigation.com\",\"@id\":\"https:\\\/\\\/www.presseinvestigation.com\\\/#\\\/schema\\\/person\\\/32d023733a4a9d7c3bd6883619b8f116\"},\"headline\":\"Escalade de l\u2019exploitation sauvage de l\u2019or en Guin\u00e9e\u00a0: Voici les t\u00eates mises en cause\u00a0!\",\"datePublished\":\"2026-03-10T06:39:22+00:00\",\"dateModified\":\"2026-03-10T20:49:10+00:00\",\"mainEntityOfPage\":{\"@id\":\"https:\\\/\\\/www.presseinvestigation.com\\\/index.php\\\/2026\\\/03\\\/10\\\/escalade-de-lexploitation-sauvage-de-lor-en-guinee-voici-les-tetes-misent-en-cause\\\/\"},\"wordCount\":740,\"commentCount\":0,\"image\":{\"@id\":\"https:\\\/\\\/www.presseinvestigation.com\\\/index.php\\\/2026\\\/03\\\/10\\\/escalade-de-lexploitation-sauvage-de-lor-en-guinee-voici-les-tetes-misent-en-cause\\\/#primaryimage\"},\"thumbnailUrl\":\"https:\\\/\\\/www.presseinvestigation.com\\\/wp-content\\\/uploads\\\/2026\\\/03\\\/FunPic_20260308_065317519.jpg\",\"articleSection\":[\"P\u00f4le Enqu\u00eate-Mines\"],\"inLanguage\":\"fr-FR\",\"potentialAction\":[{\"@type\":\"CommentAction\",\"name\":\"Comment\",\"target\":[\"https:\\\/\\\/www.presseinvestigation.com\\\/index.php\\\/2026\\\/03\\\/10\\\/escalade-de-lexploitation-sauvage-de-lor-en-guinee-voici-les-tetes-misent-en-cause\\\/#respond\"]}]},{\"@type\":\"WebPage\",\"@id\":\"https:\\\/\\\/www.presseinvestigation.com\\\/index.php\\\/2026\\\/03\\\/10\\\/escalade-de-lexploitation-sauvage-de-lor-en-guinee-voici-les-tetes-misent-en-cause\\\/\",\"url\":\"https:\\\/\\\/www.presseinvestigation.com\\\/index.php\\\/2026\\\/03\\\/10\\\/escalade-de-lexploitation-sauvage-de-lor-en-guinee-voici-les-tetes-misent-en-cause\\\/\",\"name\":\"Escalade de l\u2019exploitation sauvage de l\u2019or en Guin\u00e9e\u00a0: Voici les t\u00eates mises en cause\u00a0! - Presseinvestigation\",\"isPartOf\":{\"@id\":\"https:\\\/\\\/www.presseinvestigation.com\\\/#website\"},\"primaryImageOfPage\":{\"@id\":\"https:\\\/\\\/www.presseinvestigation.com\\\/index.php\\\/2026\\\/03\\\/10\\\/escalade-de-lexploitation-sauvage-de-lor-en-guinee-voici-les-tetes-misent-en-cause\\\/#primaryimage\"},\"image\":{\"@id\":\"https:\\\/\\\/www.presseinvestigation.com\\\/index.php\\\/2026\\\/03\\\/10\\\/escalade-de-lexploitation-sauvage-de-lor-en-guinee-voici-les-tetes-misent-en-cause\\\/#primaryimage\"},\"thumbnailUrl\":\"https:\\\/\\\/www.presseinvestigation.com\\\/wp-content\\\/uploads\\\/2026\\\/03\\\/FunPic_20260308_065317519.jpg\",\"datePublished\":\"2026-03-10T06:39:22+00:00\",\"dateModified\":\"2026-03-10T20:49:10+00:00\",\"author\":{\"@id\":\"https:\\\/\\\/www.presseinvestigation.com\\\/#\\\/schema\\\/person\\\/32d023733a4a9d7c3bd6883619b8f116\"},\"breadcrumb\":{\"@id\":\"https:\\\/\\\/www.presseinvestigation.com\\\/index.php\\\/2026\\\/03\\\/10\\\/escalade-de-lexploitation-sauvage-de-lor-en-guinee-voici-les-tetes-misent-en-cause\\\/#breadcrumb\"},\"inLanguage\":\"fr-FR\",\"potentialAction\":[{\"@type\":\"ReadAction\",\"target\":[\"https:\\\/\\\/www.presseinvestigation.com\\\/index.php\\\/2026\\\/03\\\/10\\\/escalade-de-lexploitation-sauvage-de-lor-en-guinee-voici-les-tetes-misent-en-cause\\\/\"]}]},{\"@type\":\"ImageObject\",\"inLanguage\":\"fr-FR\",\"@id\":\"https:\\\/\\\/www.presseinvestigation.com\\\/index.php\\\/2026\\\/03\\\/10\\\/escalade-de-lexploitation-sauvage-de-lor-en-guinee-voici-les-tetes-misent-en-cause\\\/#primaryimage\",\"url\":\"https:\\\/\\\/www.presseinvestigation.com\\\/wp-content\\\/uploads\\\/2026\\\/03\\\/FunPic_20260308_065317519.jpg\",\"contentUrl\":\"https:\\\/\\\/www.presseinvestigation.com\\\/wp-content\\\/uploads\\\/2026\\\/03\\\/FunPic_20260308_065317519.jpg\",\"width\":1885,\"height\":1628},{\"@type\":\"BreadcrumbList\",\"@id\":\"https:\\\/\\\/www.presseinvestigation.com\\\/index.php\\\/2026\\\/03\\\/10\\\/escalade-de-lexploitation-sauvage-de-lor-en-guinee-voici-les-tetes-misent-en-cause\\\/#breadcrumb\",\"itemListElement\":[{\"@type\":\"ListItem\",\"position\":1,\"name\":\"Accueil\",\"item\":\"https:\\\/\\\/www.presseinvestigation.com\\\/\"},{\"@type\":\"ListItem\",\"position\":2,\"name\":\"Escalade de l\u2019exploitation sauvage de l\u2019or en Guin\u00e9e\u00a0: Voici les t\u00eates mises en cause\u00a0!\"}]},{\"@type\":\"WebSite\",\"@id\":\"https:\\\/\\\/www.presseinvestigation.com\\\/#website\",\"url\":\"https:\\\/\\\/www.presseinvestigation.com\\\/\",\"name\":\"Presseinvestigation\",\"description\":\"Informer dans l&#039;impartialit\u00e9\",\"potentialAction\":[{\"@type\":\"SearchAction\",\"target\":{\"@type\":\"EntryPoint\",\"urlTemplate\":\"https:\\\/\\\/www.presseinvestigation.com\\\/?s={search_term_string}\"},\"query-input\":{\"@type\":\"PropertyValueSpecification\",\"valueRequired\":true,\"valueName\":\"search_term_string\"}}],\"inLanguage\":\"fr-FR\"},{\"@type\":\"Person\",\"@id\":\"https:\\\/\\\/www.presseinvestigation.com\\\/#\\\/schema\\\/person\\\/32d023733a4a9d7c3bd6883619b8f116\",\"name\":\"Presseinvestigation.com\",\"image\":{\"@type\":\"ImageObject\",\"inLanguage\":\"fr-FR\",\"@id\":\"https:\\\/\\\/secure.gravatar.com\\\/avatar\\\/26f9c9e95424b0bde739ba0af37ee39a9e4a9e809967422c5b8e8573a34fbbe0?s=96&d=mm&r=g\",\"url\":\"https:\\\/\\\/secure.gravatar.com\\\/avatar\\\/26f9c9e95424b0bde739ba0af37ee39a9e4a9e809967422c5b8e8573a34fbbe0?s=96&d=mm&r=g\",\"contentUrl\":\"https:\\\/\\\/secure.gravatar.com\\\/avatar\\\/26f9c9e95424b0bde739ba0af37ee39a9e4a9e809967422c5b8e8573a34fbbe0?s=96&d=mm&r=g\",\"caption\":\"Presseinvestigation.com\"},\"url\":\"https:\\\/\\\/www.presseinvestigation.com\\\/index.php\\\/author\\\/toumany\\\/\"}]}<\/script>\n<!-- \/ Yoast SEO plugin. -->","yoast_head_json":{"title":"Escalade de l\u2019exploitation sauvage de l\u2019or en Guin\u00e9e\u00a0: Voici les t\u00eates mises en cause\u00a0! - Presseinvestigation","robots":{"index":"index","follow":"follow","max-snippet":"max-snippet:-1","max-image-preview":"max-image-preview:large","max-video-preview":"max-video-preview:-1"},"canonical":"https:\/\/www.presseinvestigation.com\/index.php\/2026\/03\/10\/escalade-de-lexploitation-sauvage-de-lor-en-guinee-voici-les-tetes-misent-en-cause\/","og_locale":"fr_FR","og_type":"article","og_title":"Escalade de l\u2019exploitation sauvage de l\u2019or en Guin\u00e9e\u00a0: Voici les t\u00eates mises en cause\u00a0! - Presseinvestigation","og_description":"Bouna SYLLA, Ministre des Mines et de la G\u00e9ologie, Moussa B\u00c9R\u00c9T\u00c9, Directeur du Service de coop\u00e9ration et d\u2019Investissement Minier(SECIM) ; Ibrahima Sory CONT\u00c9 Directeur G\u00e9n\u00e9ral de l\u2019Office guin\u00e9en d\u2019expertise de l\u2019Or, du Diamant et autres mati\u00e8res pr\u00e9cieuses, Tidiane KO\u00cfTA, Pr\u00e9sident de l\u2019Union Nationale des Orpailleurs de Guin\u00e9e(UNOG), Ousmane KABA directeur National des Mines. Voil\u00e0 les [&hellip;]","og_url":"https:\/\/www.presseinvestigation.com\/index.php\/2026\/03\/10\/escalade-de-lexploitation-sauvage-de-lor-en-guinee-voici-les-tetes-misent-en-cause\/","og_site_name":"Presseinvestigation","article_published_time":"2026-03-10T06:39:22+00:00","article_modified_time":"2026-03-10T20:49:10+00:00","og_image":[{"width":1885,"height":1628,"url":"https:\/\/www.presseinvestigation.com\/wp-content\/uploads\/2026\/03\/FunPic_20260308_065317519.jpg","type":"image\/jpeg"}],"author":"Presseinvestigation.com","twitter_card":"summary_large_image","twitter_misc":{"\u00c9crit par":"Presseinvestigation.com","Dur\u00e9e de lecture estim\u00e9e":"5 minutes"},"schema":{"@context":"https:\/\/schema.org","@graph":[{"@type":"Article","@id":"https:\/\/www.presseinvestigation.com\/index.php\/2026\/03\/10\/escalade-de-lexploitation-sauvage-de-lor-en-guinee-voici-les-tetes-misent-en-cause\/#article","isPartOf":{"@id":"https:\/\/www.presseinvestigation.com\/index.php\/2026\/03\/10\/escalade-de-lexploitation-sauvage-de-lor-en-guinee-voici-les-tetes-misent-en-cause\/"},"author":{"name":"Presseinvestigation.com","@id":"https:\/\/www.presseinvestigation.com\/#\/schema\/person\/32d023733a4a9d7c3bd6883619b8f116"},"headline":"Escalade de l\u2019exploitation sauvage de l\u2019or en Guin\u00e9e\u00a0: Voici les t\u00eates mises en cause\u00a0!","datePublished":"2026-03-10T06:39:22+00:00","dateModified":"2026-03-10T20:49:10+00:00","mainEntityOfPage":{"@id":"https:\/\/www.presseinvestigation.com\/index.php\/2026\/03\/10\/escalade-de-lexploitation-sauvage-de-lor-en-guinee-voici-les-tetes-misent-en-cause\/"},"wordCount":740,"commentCount":0,"image":{"@id":"https:\/\/www.presseinvestigation.com\/index.php\/2026\/03\/10\/escalade-de-lexploitation-sauvage-de-lor-en-guinee-voici-les-tetes-misent-en-cause\/#primaryimage"},"thumbnailUrl":"https:\/\/www.presseinvestigation.com\/wp-content\/uploads\/2026\/03\/FunPic_20260308_065317519.jpg","articleSection":["P\u00f4le Enqu\u00eate-Mines"],"inLanguage":"fr-FR","potentialAction":[{"@type":"CommentAction","name":"Comment","target":["https:\/\/www.presseinvestigation.com\/index.php\/2026\/03\/10\/escalade-de-lexploitation-sauvage-de-lor-en-guinee-voici-les-tetes-misent-en-cause\/#respond"]}]},{"@type":"WebPage","@id":"https:\/\/www.presseinvestigation.com\/index.php\/2026\/03\/10\/escalade-de-lexploitation-sauvage-de-lor-en-guinee-voici-les-tetes-misent-en-cause\/","url":"https:\/\/www.presseinvestigation.com\/index.php\/2026\/03\/10\/escalade-de-lexploitation-sauvage-de-lor-en-guinee-voici-les-tetes-misent-en-cause\/","name":"Escalade de l\u2019exploitation sauvage de l\u2019or en Guin\u00e9e\u00a0: Voici les t\u00eates mises en cause\u00a0! - Presseinvestigation","isPartOf":{"@id":"https:\/\/www.presseinvestigation.com\/#website"},"primaryImageOfPage":{"@id":"https:\/\/www.presseinvestigation.com\/index.php\/2026\/03\/10\/escalade-de-lexploitation-sauvage-de-lor-en-guinee-voici-les-tetes-misent-en-cause\/#primaryimage"},"image":{"@id":"https:\/\/www.presseinvestigation.com\/index.php\/2026\/03\/10\/escalade-de-lexploitation-sauvage-de-lor-en-guinee-voici-les-tetes-misent-en-cause\/#primaryimage"},"thumbnailUrl":"https:\/\/www.presseinvestigation.com\/wp-content\/uploads\/2026\/03\/FunPic_20260308_065317519.jpg","datePublished":"2026-03-10T06:39:22+00:00","dateModified":"2026-03-10T20:49:10+00:00","author":{"@id":"https:\/\/www.presseinvestigation.com\/#\/schema\/person\/32d023733a4a9d7c3bd6883619b8f116"},"breadcrumb":{"@id":"https:\/\/www.presseinvestigation.com\/index.php\/2026\/03\/10\/escalade-de-lexploitation-sauvage-de-lor-en-guinee-voici-les-tetes-misent-en-cause\/#breadcrumb"},"inLanguage":"fr-FR","potentialAction":[{"@type":"ReadAction","target":["https:\/\/www.presseinvestigation.com\/index.php\/2026\/03\/10\/escalade-de-lexploitation-sauvage-de-lor-en-guinee-voici-les-tetes-misent-en-cause\/"]}]},{"@type":"ImageObject","inLanguage":"fr-FR","@id":"https:\/\/www.presseinvestigation.com\/index.php\/2026\/03\/10\/escalade-de-lexploitation-sauvage-de-lor-en-guinee-voici-les-tetes-misent-en-cause\/#primaryimage","url":"https:\/\/www.presseinvestigation.com\/wp-content\/uploads\/2026\/03\/FunPic_20260308_065317519.jpg","contentUrl":"https:\/\/www.presseinvestigation.com\/wp-content\/uploads\/2026\/03\/FunPic_20260308_065317519.jpg","width":1885,"height":1628},{"@type":"BreadcrumbList","@id":"https:\/\/www.presseinvestigation.com\/index.php\/2026\/03\/10\/escalade-de-lexploitation-sauvage-de-lor-en-guinee-voici-les-tetes-misent-en-cause\/#breadcrumb","itemListElement":[{"@type":"ListItem","position":1,"name":"Accueil","item":"https:\/\/www.presseinvestigation.com\/"},{"@type":"ListItem","position":2,"name":"Escalade de l\u2019exploitation sauvage de l\u2019or en Guin\u00e9e\u00a0: Voici les t\u00eates mises en cause\u00a0!"}]},{"@type":"WebSite","@id":"https:\/\/www.presseinvestigation.com\/#website","url":"https:\/\/www.presseinvestigation.com\/","name":"Presseinvestigation","description":"Informer dans l&#039;impartialit\u00e9","potentialAction":[{"@type":"SearchAction","target":{"@type":"EntryPoint","urlTemplate":"https:\/\/www.presseinvestigation.com\/?s={search_term_string}"},"query-input":{"@type":"PropertyValueSpecification","valueRequired":true,"valueName":"search_term_string"}}],"inLanguage":"fr-FR"},{"@type":"Person","@id":"https:\/\/www.presseinvestigation.com\/#\/schema\/person\/32d023733a4a9d7c3bd6883619b8f116","name":"Presseinvestigation.com","image":{"@type":"ImageObject","inLanguage":"fr-FR","@id":"https:\/\/secure.gravatar.com\/avatar\/26f9c9e95424b0bde739ba0af37ee39a9e4a9e809967422c5b8e8573a34fbbe0?s=96&d=mm&r=g","url":"https:\/\/secure.gravatar.com\/avatar\/26f9c9e95424b0bde739ba0af37ee39a9e4a9e809967422c5b8e8573a34fbbe0?s=96&d=mm&r=g","contentUrl":"https:\/\/secure.gravatar.com\/avatar\/26f9c9e95424b0bde739ba0af37ee39a9e4a9e809967422c5b8e8573a34fbbe0?s=96&d=mm&r=g","caption":"Presseinvestigation.com"},"url":"https:\/\/www.presseinvestigation.com\/index.php\/author\/toumany\/"}]}},"_links":{"self":[{"href":"https:\/\/www.presseinvestigation.com\/index.php\/wp-json\/wp\/v2\/posts\/9824","targetHints":{"allow":["GET"]}}],"collection":[{"href":"https:\/\/www.presseinvestigation.com\/index.php\/wp-json\/wp\/v2\/posts"}],"about":[{"href":"https:\/\/www.presseinvestigation.com\/index.php\/wp-json\/wp\/v2\/types\/post"}],"author":[{"embeddable":true,"href":"https:\/\/www.presseinvestigation.com\/index.php\/wp-json\/wp\/v2\/users\/2"}],"replies":[{"embeddable":true,"href":"https:\/\/www.presseinvestigation.com\/index.php\/wp-json\/wp\/v2\/comments?post=9824"}],"version-history":[{"count":2,"href":"https:\/\/www.presseinvestigation.com\/index.php\/wp-json\/wp\/v2\/posts\/9824\/revisions"}],"predecessor-version":[{"id":9827,"href":"https:\/\/www.presseinvestigation.com\/index.php\/wp-json\/wp\/v2\/posts\/9824\/revisions\/9827"}],"wp:featuredmedia":[{"embeddable":true,"href":"https:\/\/www.presseinvestigation.com\/index.php\/wp-json\/wp\/v2\/media\/9819"}],"wp:attachment":[{"href":"https:\/\/www.presseinvestigation.com\/index.php\/wp-json\/wp\/v2\/media?parent=9824"}],"wp:term":[{"taxonomy":"category","embeddable":true,"href":"https:\/\/www.presseinvestigation.com\/index.php\/wp-json\/wp\/v2\/categories?post=9824"},{"taxonomy":"post_tag","embeddable":true,"href":"https:\/\/www.presseinvestigation.com\/index.php\/wp-json\/wp\/v2\/tags?post=9824"}],"curies":[{"name":"wp","href":"https:\/\/api.w.org\/{rel}","templated":true}]}}