{"id":9873,"date":"2026-04-01T23:54:46","date_gmt":"2026-04-01T21:54:46","guid":{"rendered":"https:\/\/www.presseinvestigation.com\/index.php\/2026\/04\/01\/fin-du-bicephalisme-a-lagepi-la-justice-valide-le-congres-electif-du-29-novembre-2025\/"},"modified":"2026-04-01T23:54:46","modified_gmt":"2026-04-01T21:54:46","slug":"fin-du-bicephalisme-a-lagepi-la-justice-valide-le-congres-electif-du-29-novembre-2025","status":"publish","type":"post","link":"https:\/\/www.presseinvestigation.com\/index.php\/2026\/04\/01\/fin-du-bicephalisme-a-lagepi-la-justice-valide-le-congres-electif-du-29-novembre-2025\/","title":{"rendered":"Fin du bic\u00e9phalisme \u00e0 l&#8217;AGEPI: la justice valide le congr\u00e8s \u00e9lectif du 29 novembre 2025"},"content":{"rendered":"<p>\u00a0<\/p>\n<p><strong>L\u2019Association Guin\u00e9enne des Editeurs de la Presse Ind\u00e9pendante (AGEPI) ouvre une nouvelle page. Apr\u00e8s plus de deux mois de proc\u00e8s, la justice a finalement valid\u00e9 ,aujourd&#8217;hui, le bureau executif dirig\u00e9 par le nouveau pr\u00e9sident Mamadou aliou DIAKIT\u00c9 et Thierno Madjou BAH vice pr\u00e9sident de l&#8217;AGEPI.<\/strong><\/p>\n<p><a href=\"https:\/\/www.presseinvestigation.com\/wp-content\/uploads\/2026\/04\/IMG-20260305-WA0006-1.jpg\"><img decoding=\"async\" class=\"attachment-full size-full\" src=\"https:\/\/www.presseinvestigation.com\/wp-content\/uploads\/2026\/04\/IMG-20260305-WA0006-1.jpg\" alt=\"\" \/><\/a><\/p>\n<p>Communiqu\u00e9\u00a0 \u2013 Le Tribunal de Premi\u00e8re Instance de Kaloum a rendu son verdict ce mercredi 1er avril 2026. Cette sentence constitue une premi\u00e8re \u00e9tape au contentieux \u00e9lectoral et \u00e0 la paralysie juridique qui affectaient l&#8217;Association Guin\u00e9enne des \u00c9diteurs de la Presse Ind\u00e9pendante (AGEPI).\u00a0<\/p>\n<p>Le diff\u00e9rend judiciaire opposait Mme Aminata Camara, Pr\u00e9sidente sortante et Directrice de publication du journal \u00ab Guin\u00e9e Actuelle \u00bb, \u00e0 M. Mamadou Aliou Diakit\u00e9, Administrateur g\u00e9n\u00e9ral du journal \u00ab L\u2019Aigle Infos \u00bb, \u00e9lu \u00e0 la pr\u00e9sidence de l\u2019organisation le 29 novembre 2025.\u00a0<\/p>\n<p><a href=\"https:\/\/www.presseinvestigation.com\/wp-content\/uploads\/2026\/04\/IMG-20260319-WA0001.jpg\"><img decoding=\"async\" class=\"attachment-full size-full\" src=\"https:\/\/www.presseinvestigation.com\/wp-content\/uploads\/2026\/04\/IMG-20260319-WA0001.jpg\" alt=\"\" \/><\/a><\/p>\n<p>Le litige cristallisait des points de droit majeurs, notamment la contestation de la r\u00e9gularit\u00e9 du scrutin et des all\u00e9gations d&#8217; \u00ab usurpation de titre \u00bb.\u00a0<\/p>\n<p>\u00c0 l&#8217;issue d&#8217;une proc\u00e9dure rigoureusement contradictoire s&#8217;\u00e9tendant sur plusieurs mois, le Tribunal a proc\u00e9d\u00e9 \u00e0 un examen exhaustif des \u00e9l\u00e9ments de preuve, incluant les proc\u00e8s-verbaux d\u2019assembl\u00e9e g\u00e9n\u00e9rale et les registres d\u2019\u00e9margement.<\/p>\n<p>Par cette d\u00e9cision, la juridiction de Kaloum a mis Monsieur Mamadou Aliou DIAKITE hors de cause pour d\u00e9lit non constitu\u00e9, et a d\u00e9bout\u00e9 la partie demanderesse de l&#8217;ensemble de ses pr\u00e9tentions, confirmant sans \u00e9quivoque la validit\u00e9 du processus \u00e9lectoral. Le parquet a aussi abond\u00e9 dans ce sens.<\/p>\n<p>Par cette sentence, le Tribunal reconnait implicitement M. Mamadou Aliou Diakit\u00e9 comme Pr\u00e9sident l\u00e9gitime et l\u00e9gal de l&#8217;AGEPI, eu \u00e9gard au fait que le renouvellement des instances s&#8217;est op\u00e9r\u00e9 en stricte conformit\u00e9 avec les dispositions statutaires et r\u00e9glementaires, perp\u00e9tuant ainsi une tradition d\u00e9mocratique trentenaire.<\/p>\n<p>En cons\u00e9quence, cette d\u00e9cision s&#8217;impose \u00e0 l&#8217;ensemble des membres et partenaires, en attendant un potentiel recours de la partie civile dans les 15 jours \u00e0 venir.<\/p>\n<p>Pour l\u2019avenir de notre organisation, il est imp\u00e9ratif que chaque membre se conforme scrupuleusement aux textes fondateurs. Le respect des statuts est la cl\u00e9 de vo\u00fbte de notre maison commune. C\u2019est par cette discipline juridique que nous garantirons la stabilit\u00e9 et la cr\u00e9dibilit\u00e9 de l\u2019AGEPI vis-\u00e0-vis des institutions r\u00e9publicaines et de nos partenaires nationaux et internationaux.<\/p>\n<p>L\u2019AGEPI, doyenne des associations professionnelles de m\u00e9dias en Guin\u00e9e, porte une responsabilit\u00e9 historique. Elle r\u00e9affirme sa mission fondamentale de promotion de la libert\u00e9 d\u2019expression et de protection ind\u00e9fectible des journalistes et des \u00e9diteurs de presse.<\/p>\n<p>Sous l&#8217;\u00e9gide de nos conseils, Me Facinet SOUMAH et Me Roland D\u00e9sir\u00e9 BANGOURA, nous rappelons avec force que la supr\u00e9matie de la loi demeure l&#8217;unique rempart et le garant exclusif de notre coh\u00e9sion institutionnelle.<\/p>\n<p>Le Bureau Ex\u00e9cutif lance un appel solennel \u00e0 tous les \u00e9diteurs de presse pour faire preuve de maturit\u00e9. Il est temps de clore ce chapitre de dissensions pour \u0153uvrer, de concert, au rayonnement de notre corporation. La l\u00e9gitimit\u00e9 de la direction \u00e9tant d\u00e9sormais scell\u00e9e par le Droit, l&#8217;heure est au travail et \u00e0 la d\u00e9fense des int\u00e9r\u00eats communs.<\/p>\n<p><strong>Pour le Bureau Ex\u00e9cutif de l\u2019AGEPI<\/strong><\/p>\n<p><strong>Toumany Camara, Secr\u00e9taire \u00e0 la Communication<\/strong><\/p>\n","protected":false},"excerpt":{"rendered":"<p>\u00a0 L\u2019Association Guin\u00e9enne des Editeurs de la Presse Ind\u00e9pendante (AGEPI) ouvre une nouvelle page. Apr\u00e8s plus de deux mois de proc\u00e8s, la justice a finalement valid\u00e9 ,aujourd&#8217;hui, le bureau executif dirig\u00e9 par le nouveau pr\u00e9sident Mamadou aliou DIAKIT\u00c9 et Thierno Madjou BAH vice pr\u00e9sident de l&#8217;AGEPI. Communiqu\u00e9\u00a0 \u2013 Le Tribunal de Premi\u00e8re Instance de Kaloum [&hellip;]<\/p>\n","protected":false},"author":3,"featured_media":9869,"comment_status":"open","ping_status":"open","sticky":false,"template":"","format":"standard","meta":{"jnews-multi-image_gallery":[],"jnews_single_post":[],"jnews_primary_category":[],"footnotes":""},"categories":[101],"tags":[],"class_list":["post-9873","post","type-post","status-publish","format-standard","has-post-thumbnail","hentry","category-pole-actualite-justice"],"yoast_head":"<!-- This site is optimized with the Yoast SEO plugin v27.3 - https:\/\/yoast.com\/product\/yoast-seo-wordpress\/ -->\n<title>Fin du bic\u00e9phalisme \u00e0 l&#039;AGEPI: la justice valide le congr\u00e8s \u00e9lectif du 29 novembre 2025 - Presseinvestigation<\/title>\n<meta name=\"robots\" content=\"index, follow, max-snippet:-1, max-image-preview:large, max-video-preview:-1\" \/>\n<link rel=\"canonical\" href=\"https:\/\/www.presseinvestigation.com\/index.php\/2026\/04\/01\/fin-du-bicephalisme-a-lagepi-la-justice-valide-le-congres-electif-du-29-novembre-2025\/\" \/>\n<meta property=\"og:locale\" content=\"fr_FR\" \/>\n<meta property=\"og:type\" content=\"article\" \/>\n<meta property=\"og:title\" content=\"Fin du bic\u00e9phalisme \u00e0 l&#039;AGEPI: la justice valide le congr\u00e8s \u00e9lectif du 29 novembre 2025 - Presseinvestigation\" \/>\n<meta property=\"og:description\" content=\"\u00a0 L\u2019Association Guin\u00e9enne des Editeurs de la Presse Ind\u00e9pendante (AGEPI) ouvre une nouvelle page. Apr\u00e8s plus de deux mois de proc\u00e8s, la justice a finalement valid\u00e9 ,aujourd&#8217;hui, le bureau executif dirig\u00e9 par le nouveau pr\u00e9sident Mamadou aliou DIAKIT\u00c9 et Thierno Madjou BAH vice pr\u00e9sident de l&#8217;AGEPI. Communiqu\u00e9\u00a0 \u2013 Le Tribunal de Premi\u00e8re Instance de Kaloum [&hellip;]\" \/>\n<meta property=\"og:url\" content=\"https:\/\/www.presseinvestigation.com\/index.php\/2026\/04\/01\/fin-du-bicephalisme-a-lagepi-la-justice-valide-le-congres-electif-du-29-novembre-2025\/\" \/>\n<meta property=\"og:site_name\" content=\"Presseinvestigation\" \/>\n<meta property=\"article:published_time\" content=\"2026-04-01T21:54:46+00:00\" \/>\n<meta property=\"og:image\" content=\"https:\/\/www.presseinvestigation.com\/wp-content\/uploads\/2026\/04\/IMG-20260401-WA00041.jpg\" \/>\n\t<meta property=\"og:image:width\" content=\"720\" \/>\n\t<meta property=\"og:image:height\" content=\"402\" \/>\n\t<meta property=\"og:image:type\" content=\"image\/jpeg\" \/>\n<meta name=\"author\" content=\"Presseinvestigation.com\" \/>\n<meta name=\"twitter:card\" content=\"summary_large_image\" \/>\n<meta name=\"twitter:label1\" content=\"\u00c9crit par\" \/>\n\t<meta name=\"twitter:data1\" content=\"Presseinvestigation.com\" \/>\n\t<meta name=\"twitter:label2\" content=\"Dur\u00e9e de lecture estim\u00e9e\" \/>\n\t<meta name=\"twitter:data2\" content=\"3 minutes\" \/>\n<script type=\"application\/ld+json\" class=\"yoast-schema-graph\">{\"@context\":\"https:\\\/\\\/schema.org\",\"@graph\":[{\"@type\":\"Article\",\"@id\":\"https:\\\/\\\/www.presseinvestigation.com\\\/index.php\\\/2026\\\/04\\\/01\\\/fin-du-bicephalisme-a-lagepi-la-justice-valide-le-congres-electif-du-29-novembre-2025\\\/#article\",\"isPartOf\":{\"@id\":\"https:\\\/\\\/www.presseinvestigation.com\\\/index.php\\\/2026\\\/04\\\/01\\\/fin-du-bicephalisme-a-lagepi-la-justice-valide-le-congres-electif-du-29-novembre-2025\\\/\"},\"author\":{\"name\":\"Presseinvestigation.com\",\"@id\":\"https:\\\/\\\/www.presseinvestigation.com\\\/#\\\/schema\\\/person\\\/9eeee3740b98a364b2d60ad43edf321d\"},\"headline\":\"Fin du bic\u00e9phalisme \u00e0 l&#8217;AGEPI: la justice valide le congr\u00e8s \u00e9lectif du 29 novembre 2025\",\"datePublished\":\"2026-04-01T21:54:46+00:00\",\"mainEntityOfPage\":{\"@id\":\"https:\\\/\\\/www.presseinvestigation.com\\\/index.php\\\/2026\\\/04\\\/01\\\/fin-du-bicephalisme-a-lagepi-la-justice-valide-le-congres-electif-du-29-novembre-2025\\\/\"},\"wordCount\":576,\"commentCount\":0,\"image\":{\"@id\":\"https:\\\/\\\/www.presseinvestigation.com\\\/index.php\\\/2026\\\/04\\\/01\\\/fin-du-bicephalisme-a-lagepi-la-justice-valide-le-congres-electif-du-29-novembre-2025\\\/#primaryimage\"},\"thumbnailUrl\":\"https:\\\/\\\/www.presseinvestigation.com\\\/wp-content\\\/uploads\\\/2026\\\/04\\\/IMG-20260401-WA00041.jpg\",\"articleSection\":[\"P\u00f4le Actualit\u00e9-Justice\"],\"inLanguage\":\"fr-FR\",\"potentialAction\":[{\"@type\":\"CommentAction\",\"name\":\"Comment\",\"target\":[\"https:\\\/\\\/www.presseinvestigation.com\\\/index.php\\\/2026\\\/04\\\/01\\\/fin-du-bicephalisme-a-lagepi-la-justice-valide-le-congres-electif-du-29-novembre-2025\\\/#respond\"]}]},{\"@type\":\"WebPage\",\"@id\":\"https:\\\/\\\/www.presseinvestigation.com\\\/index.php\\\/2026\\\/04\\\/01\\\/fin-du-bicephalisme-a-lagepi-la-justice-valide-le-congres-electif-du-29-novembre-2025\\\/\",\"url\":\"https:\\\/\\\/www.presseinvestigation.com\\\/index.php\\\/2026\\\/04\\\/01\\\/fin-du-bicephalisme-a-lagepi-la-justice-valide-le-congres-electif-du-29-novembre-2025\\\/\",\"name\":\"Fin du bic\u00e9phalisme \u00e0 l'AGEPI: la justice valide le congr\u00e8s \u00e9lectif du 29 novembre 2025 - Presseinvestigation\",\"isPartOf\":{\"@id\":\"https:\\\/\\\/www.presseinvestigation.com\\\/#website\"},\"primaryImageOfPage\":{\"@id\":\"https:\\\/\\\/www.presseinvestigation.com\\\/index.php\\\/2026\\\/04\\\/01\\\/fin-du-bicephalisme-a-lagepi-la-justice-valide-le-congres-electif-du-29-novembre-2025\\\/#primaryimage\"},\"image\":{\"@id\":\"https:\\\/\\\/www.presseinvestigation.com\\\/index.php\\\/2026\\\/04\\\/01\\\/fin-du-bicephalisme-a-lagepi-la-justice-valide-le-congres-electif-du-29-novembre-2025\\\/#primaryimage\"},\"thumbnailUrl\":\"https:\\\/\\\/www.presseinvestigation.com\\\/wp-content\\\/uploads\\\/2026\\\/04\\\/IMG-20260401-WA00041.jpg\",\"datePublished\":\"2026-04-01T21:54:46+00:00\",\"author\":{\"@id\":\"https:\\\/\\\/www.presseinvestigation.com\\\/#\\\/schema\\\/person\\\/9eeee3740b98a364b2d60ad43edf321d\"},\"breadcrumb\":{\"@id\":\"https:\\\/\\\/www.presseinvestigation.com\\\/index.php\\\/2026\\\/04\\\/01\\\/fin-du-bicephalisme-a-lagepi-la-justice-valide-le-congres-electif-du-29-novembre-2025\\\/#breadcrumb\"},\"inLanguage\":\"fr-FR\",\"potentialAction\":[{\"@type\":\"ReadAction\",\"target\":[\"https:\\\/\\\/www.presseinvestigation.com\\\/index.php\\\/2026\\\/04\\\/01\\\/fin-du-bicephalisme-a-lagepi-la-justice-valide-le-congres-electif-du-29-novembre-2025\\\/\"]}]},{\"@type\":\"ImageObject\",\"inLanguage\":\"fr-FR\",\"@id\":\"https:\\\/\\\/www.presseinvestigation.com\\\/index.php\\\/2026\\\/04\\\/01\\\/fin-du-bicephalisme-a-lagepi-la-justice-valide-le-congres-electif-du-29-novembre-2025\\\/#primaryimage\",\"url\":\"https:\\\/\\\/www.presseinvestigation.com\\\/wp-content\\\/uploads\\\/2026\\\/04\\\/IMG-20260401-WA00041.jpg\",\"contentUrl\":\"https:\\\/\\\/www.presseinvestigation.com\\\/wp-content\\\/uploads\\\/2026\\\/04\\\/IMG-20260401-WA00041.jpg\",\"width\":720,\"height\":402},{\"@type\":\"BreadcrumbList\",\"@id\":\"https:\\\/\\\/www.presseinvestigation.com\\\/index.php\\\/2026\\\/04\\\/01\\\/fin-du-bicephalisme-a-lagepi-la-justice-valide-le-congres-electif-du-29-novembre-2025\\\/#breadcrumb\",\"itemListElement\":[{\"@type\":\"ListItem\",\"position\":1,\"name\":\"Accueil\",\"item\":\"https:\\\/\\\/www.presseinvestigation.com\\\/\"},{\"@type\":\"ListItem\",\"position\":2,\"name\":\"Fin du bic\u00e9phalisme \u00e0 l&#8217;AGEPI: la justice valide le congr\u00e8s \u00e9lectif du 29 novembre 2025\"}]},{\"@type\":\"WebSite\",\"@id\":\"https:\\\/\\\/www.presseinvestigation.com\\\/#website\",\"url\":\"https:\\\/\\\/www.presseinvestigation.com\\\/\",\"name\":\"Presseinvestigation\",\"description\":\"Informer dans l&#039;impartialit\u00e9\",\"potentialAction\":[{\"@type\":\"SearchAction\",\"target\":{\"@type\":\"EntryPoint\",\"urlTemplate\":\"https:\\\/\\\/www.presseinvestigation.com\\\/?s={search_term_string}\"},\"query-input\":{\"@type\":\"PropertyValueSpecification\",\"valueRequired\":true,\"valueName\":\"search_term_string\"}}],\"inLanguage\":\"fr-FR\"},{\"@type\":\"Person\",\"@id\":\"https:\\\/\\\/www.presseinvestigation.com\\\/#\\\/schema\\\/person\\\/9eeee3740b98a364b2d60ad43edf321d\",\"name\":\"Presseinvestigation.com\",\"image\":{\"@type\":\"ImageObject\",\"inLanguage\":\"fr-FR\",\"@id\":\"https:\\\/\\\/www.presseinvestigation.com\\\/wp-content\\\/uploads\\\/2025\\\/12\\\/cropped-Logo_investigation-02-1-96x96.png\",\"url\":\"https:\\\/\\\/www.presseinvestigation.com\\\/wp-content\\\/uploads\\\/2025\\\/12\\\/cropped-Logo_investigation-02-1-96x96.png\",\"contentUrl\":\"https:\\\/\\\/www.presseinvestigation.com\\\/wp-content\\\/uploads\\\/2025\\\/12\\\/cropped-Logo_investigation-02-1-96x96.png\",\"caption\":\"Presseinvestigation.com\"},\"sameAs\":[\"https:\\\/\\\/wordpress.com\"],\"url\":\"https:\\\/\\\/www.presseinvestigation.com\\\/index.php\\\/author\\\/blog_table\\\/\"}]}<\/script>\n<!-- \/ Yoast SEO plugin. -->","yoast_head_json":{"title":"Fin du bic\u00e9phalisme \u00e0 l'AGEPI: la justice valide le congr\u00e8s \u00e9lectif du 29 novembre 2025 - Presseinvestigation","robots":{"index":"index","follow":"follow","max-snippet":"max-snippet:-1","max-image-preview":"max-image-preview:large","max-video-preview":"max-video-preview:-1"},"canonical":"https:\/\/www.presseinvestigation.com\/index.php\/2026\/04\/01\/fin-du-bicephalisme-a-lagepi-la-justice-valide-le-congres-electif-du-29-novembre-2025\/","og_locale":"fr_FR","og_type":"article","og_title":"Fin du bic\u00e9phalisme \u00e0 l'AGEPI: la justice valide le congr\u00e8s \u00e9lectif du 29 novembre 2025 - Presseinvestigation","og_description":"\u00a0 L\u2019Association Guin\u00e9enne des Editeurs de la Presse Ind\u00e9pendante (AGEPI) ouvre une nouvelle page. Apr\u00e8s plus de deux mois de proc\u00e8s, la justice a finalement valid\u00e9 ,aujourd&#8217;hui, le bureau executif dirig\u00e9 par le nouveau pr\u00e9sident Mamadou aliou DIAKIT\u00c9 et Thierno Madjou BAH vice pr\u00e9sident de l&#8217;AGEPI. Communiqu\u00e9\u00a0 \u2013 Le Tribunal de Premi\u00e8re Instance de Kaloum [&hellip;]","og_url":"https:\/\/www.presseinvestigation.com\/index.php\/2026\/04\/01\/fin-du-bicephalisme-a-lagepi-la-justice-valide-le-congres-electif-du-29-novembre-2025\/","og_site_name":"Presseinvestigation","article_published_time":"2026-04-01T21:54:46+00:00","og_image":[{"width":720,"height":402,"url":"https:\/\/www.presseinvestigation.com\/wp-content\/uploads\/2026\/04\/IMG-20260401-WA00041.jpg","type":"image\/jpeg"}],"author":"Presseinvestigation.com","twitter_card":"summary_large_image","twitter_misc":{"\u00c9crit par":"Presseinvestigation.com","Dur\u00e9e de lecture estim\u00e9e":"3 minutes"},"schema":{"@context":"https:\/\/schema.org","@graph":[{"@type":"Article","@id":"https:\/\/www.presseinvestigation.com\/index.php\/2026\/04\/01\/fin-du-bicephalisme-a-lagepi-la-justice-valide-le-congres-electif-du-29-novembre-2025\/#article","isPartOf":{"@id":"https:\/\/www.presseinvestigation.com\/index.php\/2026\/04\/01\/fin-du-bicephalisme-a-lagepi-la-justice-valide-le-congres-electif-du-29-novembre-2025\/"},"author":{"name":"Presseinvestigation.com","@id":"https:\/\/www.presseinvestigation.com\/#\/schema\/person\/9eeee3740b98a364b2d60ad43edf321d"},"headline":"Fin du bic\u00e9phalisme \u00e0 l&#8217;AGEPI: la justice valide le congr\u00e8s \u00e9lectif du 29 novembre 2025","datePublished":"2026-04-01T21:54:46+00:00","mainEntityOfPage":{"@id":"https:\/\/www.presseinvestigation.com\/index.php\/2026\/04\/01\/fin-du-bicephalisme-a-lagepi-la-justice-valide-le-congres-electif-du-29-novembre-2025\/"},"wordCount":576,"commentCount":0,"image":{"@id":"https:\/\/www.presseinvestigation.com\/index.php\/2026\/04\/01\/fin-du-bicephalisme-a-lagepi-la-justice-valide-le-congres-electif-du-29-novembre-2025\/#primaryimage"},"thumbnailUrl":"https:\/\/www.presseinvestigation.com\/wp-content\/uploads\/2026\/04\/IMG-20260401-WA00041.jpg","articleSection":["P\u00f4le Actualit\u00e9-Justice"],"inLanguage":"fr-FR","potentialAction":[{"@type":"CommentAction","name":"Comment","target":["https:\/\/www.presseinvestigation.com\/index.php\/2026\/04\/01\/fin-du-bicephalisme-a-lagepi-la-justice-valide-le-congres-electif-du-29-novembre-2025\/#respond"]}]},{"@type":"WebPage","@id":"https:\/\/www.presseinvestigation.com\/index.php\/2026\/04\/01\/fin-du-bicephalisme-a-lagepi-la-justice-valide-le-congres-electif-du-29-novembre-2025\/","url":"https:\/\/www.presseinvestigation.com\/index.php\/2026\/04\/01\/fin-du-bicephalisme-a-lagepi-la-justice-valide-le-congres-electif-du-29-novembre-2025\/","name":"Fin du bic\u00e9phalisme \u00e0 l'AGEPI: la justice valide le congr\u00e8s \u00e9lectif du 29 novembre 2025 - Presseinvestigation","isPartOf":{"@id":"https:\/\/www.presseinvestigation.com\/#website"},"primaryImageOfPage":{"@id":"https:\/\/www.presseinvestigation.com\/index.php\/2026\/04\/01\/fin-du-bicephalisme-a-lagepi-la-justice-valide-le-congres-electif-du-29-novembre-2025\/#primaryimage"},"image":{"@id":"https:\/\/www.presseinvestigation.com\/index.php\/2026\/04\/01\/fin-du-bicephalisme-a-lagepi-la-justice-valide-le-congres-electif-du-29-novembre-2025\/#primaryimage"},"thumbnailUrl":"https:\/\/www.presseinvestigation.com\/wp-content\/uploads\/2026\/04\/IMG-20260401-WA00041.jpg","datePublished":"2026-04-01T21:54:46+00:00","author":{"@id":"https:\/\/www.presseinvestigation.com\/#\/schema\/person\/9eeee3740b98a364b2d60ad43edf321d"},"breadcrumb":{"@id":"https:\/\/www.presseinvestigation.com\/index.php\/2026\/04\/01\/fin-du-bicephalisme-a-lagepi-la-justice-valide-le-congres-electif-du-29-novembre-2025\/#breadcrumb"},"inLanguage":"fr-FR","potentialAction":[{"@type":"ReadAction","target":["https:\/\/www.presseinvestigation.com\/index.php\/2026\/04\/01\/fin-du-bicephalisme-a-lagepi-la-justice-valide-le-congres-electif-du-29-novembre-2025\/"]}]},{"@type":"ImageObject","inLanguage":"fr-FR","@id":"https:\/\/www.presseinvestigation.com\/index.php\/2026\/04\/01\/fin-du-bicephalisme-a-lagepi-la-justice-valide-le-congres-electif-du-29-novembre-2025\/#primaryimage","url":"https:\/\/www.presseinvestigation.com\/wp-content\/uploads\/2026\/04\/IMG-20260401-WA00041.jpg","contentUrl":"https:\/\/www.presseinvestigation.com\/wp-content\/uploads\/2026\/04\/IMG-20260401-WA00041.jpg","width":720,"height":402},{"@type":"BreadcrumbList","@id":"https:\/\/www.presseinvestigation.com\/index.php\/2026\/04\/01\/fin-du-bicephalisme-a-lagepi-la-justice-valide-le-congres-electif-du-29-novembre-2025\/#breadcrumb","itemListElement":[{"@type":"ListItem","position":1,"name":"Accueil","item":"https:\/\/www.presseinvestigation.com\/"},{"@type":"ListItem","position":2,"name":"Fin du bic\u00e9phalisme \u00e0 l&#8217;AGEPI: la justice valide le congr\u00e8s \u00e9lectif du 29 novembre 2025"}]},{"@type":"WebSite","@id":"https:\/\/www.presseinvestigation.com\/#website","url":"https:\/\/www.presseinvestigation.com\/","name":"Presseinvestigation","description":"Informer dans l&#039;impartialit\u00e9","potentialAction":[{"@type":"SearchAction","target":{"@type":"EntryPoint","urlTemplate":"https:\/\/www.presseinvestigation.com\/?s={search_term_string}"},"query-input":{"@type":"PropertyValueSpecification","valueRequired":true,"valueName":"search_term_string"}}],"inLanguage":"fr-FR"},{"@type":"Person","@id":"https:\/\/www.presseinvestigation.com\/#\/schema\/person\/9eeee3740b98a364b2d60ad43edf321d","name":"Presseinvestigation.com","image":{"@type":"ImageObject","inLanguage":"fr-FR","@id":"https:\/\/www.presseinvestigation.com\/wp-content\/uploads\/2025\/12\/cropped-Logo_investigation-02-1-96x96.png","url":"https:\/\/www.presseinvestigation.com\/wp-content\/uploads\/2025\/12\/cropped-Logo_investigation-02-1-96x96.png","contentUrl":"https:\/\/www.presseinvestigation.com\/wp-content\/uploads\/2025\/12\/cropped-Logo_investigation-02-1-96x96.png","caption":"Presseinvestigation.com"},"sameAs":["https:\/\/wordpress.com"],"url":"https:\/\/www.presseinvestigation.com\/index.php\/author\/blog_table\/"}]}},"_links":{"self":[{"href":"https:\/\/www.presseinvestigation.com\/index.php\/wp-json\/wp\/v2\/posts\/9873","targetHints":{"allow":["GET"]}}],"collection":[{"href":"https:\/\/www.presseinvestigation.com\/index.php\/wp-json\/wp\/v2\/posts"}],"about":[{"href":"https:\/\/www.presseinvestigation.com\/index.php\/wp-json\/wp\/v2\/types\/post"}],"author":[{"embeddable":true,"href":"https:\/\/www.presseinvestigation.com\/index.php\/wp-json\/wp\/v2\/users\/3"}],"replies":[{"embeddable":true,"href":"https:\/\/www.presseinvestigation.com\/index.php\/wp-json\/wp\/v2\/comments?post=9873"}],"version-history":[{"count":1,"href":"https:\/\/www.presseinvestigation.com\/index.php\/wp-json\/wp\/v2\/posts\/9873\/revisions"}],"predecessor-version":[{"id":9874,"href":"https:\/\/www.presseinvestigation.com\/index.php\/wp-json\/wp\/v2\/posts\/9873\/revisions\/9874"}],"wp:featuredmedia":[{"embeddable":true,"href":"https:\/\/www.presseinvestigation.com\/index.php\/wp-json\/wp\/v2\/media\/9869"}],"wp:attachment":[{"href":"https:\/\/www.presseinvestigation.com\/index.php\/wp-json\/wp\/v2\/media?parent=9873"}],"wp:term":[{"taxonomy":"category","embeddable":true,"href":"https:\/\/www.presseinvestigation.com\/index.php\/wp-json\/wp\/v2\/categories?post=9873"},{"taxonomy":"post_tag","embeddable":true,"href":"https:\/\/www.presseinvestigation.com\/index.php\/wp-json\/wp\/v2\/tags?post=9873"}],"curies":[{"name":"wp","href":"https:\/\/api.w.org\/{rel}","templated":true}]}}