{"id":9876,"date":"2026-04-03T17:46:53","date_gmt":"2026-04-03T15:46:53","guid":{"rendered":"https:\/\/www.presseinvestigation.com\/index.php\/2026\/04\/03\/hommage-du-president-de-la-hac-suite-au-deces-du-grand-imam-de-kankan\/"},"modified":"2026-04-03T17:46:53","modified_gmt":"2026-04-03T15:46:53","slug":"hommage-du-president-de-la-hac-suite-au-deces-du-grand-imam-de-kankan","status":"publish","type":"post","link":"https:\/\/www.presseinvestigation.com\/index.php\/2026\/04\/03\/hommage-du-president-de-la-hac-suite-au-deces-du-grand-imam-de-kankan\/","title":{"rendered":"HOMMAGE DU PRESIDENT DE LA HAC SUITE AU DECES DU GRAND IMAM DE KANKAN"},"content":{"rendered":"<p>C\u2019est avec une profonde tristesse que j\u2019ai appris le rappel \u00e0 Dieu du tr\u00e8s respect\u00e9 imam Karamo Bangaly Kaba.<\/p>\n<p>Je me souviens bien de ma visite le 1er juin 2025 \u00e0 son domicile \u00e0 Kankan.A peine arriv\u00e9 avec la d\u00e9l\u00e9gation qui m\u2019accompagne, il me fit asseoir \u00e0 ses c\u00f4t\u00e9s. D\u2019un ton feutr\u00e9, il appr\u00e9cie notre venue dans la ville historique et surtout la c\u00e9r\u00e9monie de pose de la premi\u00e8re pierre du si\u00e8ge r\u00e9gional du centre de monitoring de la Haute autorit\u00e9 de la communication HAC. Il formule des pri\u00e8res pour notre Institution, la HAC, notre pays, la Guin\u00e9e et notre Pr\u00e9sident G\u00e9n\u00e9ral Mamadi Doumbouya.<\/p>\n<p>Comme promis, il arrive, le lendemain, parmi les premi\u00e8res personnalit\u00e9s sur les lieux et officie la pose de la premi\u00e8re pierre.<\/p>\n<p>En ces instants de grande tristesse, qu\u2019il plaise au tr\u00e8s tr\u00e8s mis\u00e9ricordieux Allah de l&#8217;accueillir dans sa lumi\u00e8re \u00e9ternelle et de donner la force \u00e0 toute la communaut\u00e9 musulmane de Guin\u00e9e de surmonter cette \u00e9preuve.<\/p>\n<p>Sans doute, la perte d&#8217;un guide spirituel comme Karamo Kaba laisse un grand vide. Que l&#8217;amour de Dieu r\u00e9conforte les c\u0153urs et que les souvenirs de son \u0153uvre exemplaire \u00a0apportent la paix partout en Guin\u00e9e.<\/p>\n<p>Inna lillahi wa inna ilayhi raji&#8217;un (C&#8217;est \u00e0 Dieu que nous appartenons et c&#8217;est \u00e0 Lui que nous retournons). Qu&#8217;Allah lui accorde Sa mis\u00e9ricorde, pardonne ses p\u00e9ch\u00e9s et l&#8217;accueille dans le plus haut degr\u00e9 du Paradis (Firdaws).<\/p>\n<p>A sa famille, je voudrais dire que nous tous avons perdu un grand \u00e9rudit. Que son \u0153uvre continue de briller et de guider les g\u00e9n\u00e9rations futures. Sinc\u00e8res condol\u00e9ances \u00e0 sa famille et \u00e0 la communaut\u00e9 musulmane.<\/p>\n<p>Je me souviens encore et me souviendrai toujours de Son enseignement et sa bienveillance qui ont marqu\u00e9 de nombreuses vies. Son \u00e2me repose d\u00e9sormais dans la paix. Avec toute notre sympathie et notre soutien dans cette \u00e9preuve.<\/p>\n<p>Un guide, un sage, bref, une lumi\u00e8re s&#8217;est \u00e9teinte, mais son h\u00e9ritage spirituel demeure. Que la s\u00e9r\u00e9nit\u00e9 apaise nos c\u0153urs en ce moment de deuil.<\/p>\n<p>Amina !<\/p>\n<p><strong>Boubacar Yacine Diallo<\/strong><\/p>\n","protected":false},"excerpt":{"rendered":"<p>C\u2019est avec une profonde tristesse que j\u2019ai appris le rappel \u00e0 Dieu du tr\u00e8s respect\u00e9 imam Karamo Bangaly Kaba. Je me souviens bien de ma visite le 1er juin 2025 \u00e0 son domicile \u00e0 Kankan.A peine arriv\u00e9 avec la d\u00e9l\u00e9gation qui m\u2019accompagne, il me fit asseoir \u00e0 ses c\u00f4t\u00e9s. D\u2019un ton feutr\u00e9, il appr\u00e9cie notre [&hellip;]<\/p>\n","protected":false},"author":3,"featured_media":9875,"comment_status":"open","ping_status":"open","sticky":false,"template":"","format":"standard","meta":{"jnews-multi-image_gallery":[],"jnews_single_post":[],"jnews_primary_category":[],"footnotes":""},"categories":[75],"tags":[],"class_list":["post-9876","post","type-post","status-publish","format-standard","has-post-thumbnail","hentry","category-necrologie"],"yoast_head":"<!-- This site is optimized with the Yoast SEO plugin v27.3 - https:\/\/yoast.com\/product\/yoast-seo-wordpress\/ -->\n<title>HOMMAGE DU PRESIDENT DE LA HAC SUITE AU DECES DU GRAND IMAM DE KANKAN - Presseinvestigation<\/title>\n<meta name=\"robots\" content=\"index, follow, max-snippet:-1, max-image-preview:large, max-video-preview:-1\" \/>\n<link rel=\"canonical\" href=\"https:\/\/www.presseinvestigation.com\/index.php\/2026\/04\/03\/hommage-du-president-de-la-hac-suite-au-deces-du-grand-imam-de-kankan\/\" \/>\n<meta property=\"og:locale\" content=\"fr_FR\" \/>\n<meta property=\"og:type\" content=\"article\" \/>\n<meta property=\"og:title\" content=\"HOMMAGE DU PRESIDENT DE LA HAC SUITE AU DECES DU GRAND IMAM DE KANKAN - Presseinvestigation\" \/>\n<meta property=\"og:description\" content=\"C\u2019est avec une profonde tristesse que j\u2019ai appris le rappel \u00e0 Dieu du tr\u00e8s respect\u00e9 imam Karamo Bangaly Kaba. Je me souviens bien de ma visite le 1er juin 2025 \u00e0 son domicile \u00e0 Kankan.A peine arriv\u00e9 avec la d\u00e9l\u00e9gation qui m\u2019accompagne, il me fit asseoir \u00e0 ses c\u00f4t\u00e9s. D\u2019un ton feutr\u00e9, il appr\u00e9cie notre [&hellip;]\" \/>\n<meta property=\"og:url\" content=\"https:\/\/www.presseinvestigation.com\/index.php\/2026\/04\/03\/hommage-du-president-de-la-hac-suite-au-deces-du-grand-imam-de-kankan\/\" \/>\n<meta property=\"og:site_name\" content=\"Presseinvestigation\" \/>\n<meta property=\"article:published_time\" content=\"2026-04-03T15:46:53+00:00\" \/>\n<meta property=\"og:image\" content=\"https:\/\/www.presseinvestigation.com\/wp-content\/uploads\/2026\/04\/Screenshot_20260403_152308_Word.jpg\" \/>\n\t<meta property=\"og:image:width\" content=\"882\" \/>\n\t<meta property=\"og:image:height\" content=\"599\" \/>\n\t<meta property=\"og:image:type\" content=\"image\/jpeg\" \/>\n<meta name=\"author\" content=\"Presseinvestigation.com\" \/>\n<meta name=\"twitter:card\" content=\"summary_large_image\" \/>\n<meta name=\"twitter:label1\" content=\"\u00c9crit par\" \/>\n\t<meta name=\"twitter:data1\" content=\"Presseinvestigation.com\" \/>\n\t<meta name=\"twitter:label2\" content=\"Dur\u00e9e de lecture estim\u00e9e\" \/>\n\t<meta name=\"twitter:data2\" content=\"2 minutes\" \/>\n<script type=\"application\/ld+json\" class=\"yoast-schema-graph\">{\"@context\":\"https:\\\/\\\/schema.org\",\"@graph\":[{\"@type\":\"Article\",\"@id\":\"https:\\\/\\\/www.presseinvestigation.com\\\/index.php\\\/2026\\\/04\\\/03\\\/hommage-du-president-de-la-hac-suite-au-deces-du-grand-imam-de-kankan\\\/#article\",\"isPartOf\":{\"@id\":\"https:\\\/\\\/www.presseinvestigation.com\\\/index.php\\\/2026\\\/04\\\/03\\\/hommage-du-president-de-la-hac-suite-au-deces-du-grand-imam-de-kankan\\\/\"},\"author\":{\"name\":\"Presseinvestigation.com\",\"@id\":\"https:\\\/\\\/www.presseinvestigation.com\\\/#\\\/schema\\\/person\\\/9eeee3740b98a364b2d60ad43edf321d\"},\"headline\":\"HOMMAGE DU PRESIDENT DE LA HAC SUITE AU DECES DU GRAND IMAM DE KANKAN\",\"datePublished\":\"2026-04-03T15:46:53+00:00\",\"mainEntityOfPage\":{\"@id\":\"https:\\\/\\\/www.presseinvestigation.com\\\/index.php\\\/2026\\\/04\\\/03\\\/hommage-du-president-de-la-hac-suite-au-deces-du-grand-imam-de-kankan\\\/\"},\"wordCount\":393,\"commentCount\":0,\"image\":{\"@id\":\"https:\\\/\\\/www.presseinvestigation.com\\\/index.php\\\/2026\\\/04\\\/03\\\/hommage-du-president-de-la-hac-suite-au-deces-du-grand-imam-de-kankan\\\/#primaryimage\"},\"thumbnailUrl\":\"https:\\\/\\\/www.presseinvestigation.com\\\/wp-content\\\/uploads\\\/2026\\\/04\\\/Screenshot_20260403_152308_Word.jpg\",\"articleSection\":[\"N\u00e9crologie\"],\"inLanguage\":\"fr-FR\",\"potentialAction\":[{\"@type\":\"CommentAction\",\"name\":\"Comment\",\"target\":[\"https:\\\/\\\/www.presseinvestigation.com\\\/index.php\\\/2026\\\/04\\\/03\\\/hommage-du-president-de-la-hac-suite-au-deces-du-grand-imam-de-kankan\\\/#respond\"]}]},{\"@type\":\"WebPage\",\"@id\":\"https:\\\/\\\/www.presseinvestigation.com\\\/index.php\\\/2026\\\/04\\\/03\\\/hommage-du-president-de-la-hac-suite-au-deces-du-grand-imam-de-kankan\\\/\",\"url\":\"https:\\\/\\\/www.presseinvestigation.com\\\/index.php\\\/2026\\\/04\\\/03\\\/hommage-du-president-de-la-hac-suite-au-deces-du-grand-imam-de-kankan\\\/\",\"name\":\"HOMMAGE DU PRESIDENT DE LA HAC SUITE AU DECES DU GRAND IMAM DE KANKAN - Presseinvestigation\",\"isPartOf\":{\"@id\":\"https:\\\/\\\/www.presseinvestigation.com\\\/#website\"},\"primaryImageOfPage\":{\"@id\":\"https:\\\/\\\/www.presseinvestigation.com\\\/index.php\\\/2026\\\/04\\\/03\\\/hommage-du-president-de-la-hac-suite-au-deces-du-grand-imam-de-kankan\\\/#primaryimage\"},\"image\":{\"@id\":\"https:\\\/\\\/www.presseinvestigation.com\\\/index.php\\\/2026\\\/04\\\/03\\\/hommage-du-president-de-la-hac-suite-au-deces-du-grand-imam-de-kankan\\\/#primaryimage\"},\"thumbnailUrl\":\"https:\\\/\\\/www.presseinvestigation.com\\\/wp-content\\\/uploads\\\/2026\\\/04\\\/Screenshot_20260403_152308_Word.jpg\",\"datePublished\":\"2026-04-03T15:46:53+00:00\",\"author\":{\"@id\":\"https:\\\/\\\/www.presseinvestigation.com\\\/#\\\/schema\\\/person\\\/9eeee3740b98a364b2d60ad43edf321d\"},\"breadcrumb\":{\"@id\":\"https:\\\/\\\/www.presseinvestigation.com\\\/index.php\\\/2026\\\/04\\\/03\\\/hommage-du-president-de-la-hac-suite-au-deces-du-grand-imam-de-kankan\\\/#breadcrumb\"},\"inLanguage\":\"fr-FR\",\"potentialAction\":[{\"@type\":\"ReadAction\",\"target\":[\"https:\\\/\\\/www.presseinvestigation.com\\\/index.php\\\/2026\\\/04\\\/03\\\/hommage-du-president-de-la-hac-suite-au-deces-du-grand-imam-de-kankan\\\/\"]}]},{\"@type\":\"ImageObject\",\"inLanguage\":\"fr-FR\",\"@id\":\"https:\\\/\\\/www.presseinvestigation.com\\\/index.php\\\/2026\\\/04\\\/03\\\/hommage-du-president-de-la-hac-suite-au-deces-du-grand-imam-de-kankan\\\/#primaryimage\",\"url\":\"https:\\\/\\\/www.presseinvestigation.com\\\/wp-content\\\/uploads\\\/2026\\\/04\\\/Screenshot_20260403_152308_Word.jpg\",\"contentUrl\":\"https:\\\/\\\/www.presseinvestigation.com\\\/wp-content\\\/uploads\\\/2026\\\/04\\\/Screenshot_20260403_152308_Word.jpg\",\"width\":882,\"height\":599},{\"@type\":\"BreadcrumbList\",\"@id\":\"https:\\\/\\\/www.presseinvestigation.com\\\/index.php\\\/2026\\\/04\\\/03\\\/hommage-du-president-de-la-hac-suite-au-deces-du-grand-imam-de-kankan\\\/#breadcrumb\",\"itemListElement\":[{\"@type\":\"ListItem\",\"position\":1,\"name\":\"Accueil\",\"item\":\"https:\\\/\\\/www.presseinvestigation.com\\\/\"},{\"@type\":\"ListItem\",\"position\":2,\"name\":\"HOMMAGE DU PRESIDENT DE LA HAC SUITE AU DECES DU GRAND IMAM DE KANKAN\"}]},{\"@type\":\"WebSite\",\"@id\":\"https:\\\/\\\/www.presseinvestigation.com\\\/#website\",\"url\":\"https:\\\/\\\/www.presseinvestigation.com\\\/\",\"name\":\"Presseinvestigation\",\"description\":\"Informer dans l&#039;impartialit\u00e9\",\"potentialAction\":[{\"@type\":\"SearchAction\",\"target\":{\"@type\":\"EntryPoint\",\"urlTemplate\":\"https:\\\/\\\/www.presseinvestigation.com\\\/?s={search_term_string}\"},\"query-input\":{\"@type\":\"PropertyValueSpecification\",\"valueRequired\":true,\"valueName\":\"search_term_string\"}}],\"inLanguage\":\"fr-FR\"},{\"@type\":\"Person\",\"@id\":\"https:\\\/\\\/www.presseinvestigation.com\\\/#\\\/schema\\\/person\\\/9eeee3740b98a364b2d60ad43edf321d\",\"name\":\"Presseinvestigation.com\",\"image\":{\"@type\":\"ImageObject\",\"inLanguage\":\"fr-FR\",\"@id\":\"https:\\\/\\\/www.presseinvestigation.com\\\/wp-content\\\/uploads\\\/2025\\\/12\\\/cropped-Logo_investigation-02-1-96x96.png\",\"url\":\"https:\\\/\\\/www.presseinvestigation.com\\\/wp-content\\\/uploads\\\/2025\\\/12\\\/cropped-Logo_investigation-02-1-96x96.png\",\"contentUrl\":\"https:\\\/\\\/www.presseinvestigation.com\\\/wp-content\\\/uploads\\\/2025\\\/12\\\/cropped-Logo_investigation-02-1-96x96.png\",\"caption\":\"Presseinvestigation.com\"},\"sameAs\":[\"https:\\\/\\\/wordpress.com\"],\"url\":\"https:\\\/\\\/www.presseinvestigation.com\\\/index.php\\\/author\\\/blog_table\\\/\"}]}<\/script>\n<!-- \/ Yoast SEO plugin. -->","yoast_head_json":{"title":"HOMMAGE DU PRESIDENT DE LA HAC SUITE AU DECES DU GRAND IMAM DE KANKAN - Presseinvestigation","robots":{"index":"index","follow":"follow","max-snippet":"max-snippet:-1","max-image-preview":"max-image-preview:large","max-video-preview":"max-video-preview:-1"},"canonical":"https:\/\/www.presseinvestigation.com\/index.php\/2026\/04\/03\/hommage-du-president-de-la-hac-suite-au-deces-du-grand-imam-de-kankan\/","og_locale":"fr_FR","og_type":"article","og_title":"HOMMAGE DU PRESIDENT DE LA HAC SUITE AU DECES DU GRAND IMAM DE KANKAN - Presseinvestigation","og_description":"C\u2019est avec une profonde tristesse que j\u2019ai appris le rappel \u00e0 Dieu du tr\u00e8s respect\u00e9 imam Karamo Bangaly Kaba. Je me souviens bien de ma visite le 1er juin 2025 \u00e0 son domicile \u00e0 Kankan.A peine arriv\u00e9 avec la d\u00e9l\u00e9gation qui m\u2019accompagne, il me fit asseoir \u00e0 ses c\u00f4t\u00e9s. D\u2019un ton feutr\u00e9, il appr\u00e9cie notre [&hellip;]","og_url":"https:\/\/www.presseinvestigation.com\/index.php\/2026\/04\/03\/hommage-du-president-de-la-hac-suite-au-deces-du-grand-imam-de-kankan\/","og_site_name":"Presseinvestigation","article_published_time":"2026-04-03T15:46:53+00:00","og_image":[{"width":882,"height":599,"url":"https:\/\/www.presseinvestigation.com\/wp-content\/uploads\/2026\/04\/Screenshot_20260403_152308_Word.jpg","type":"image\/jpeg"}],"author":"Presseinvestigation.com","twitter_card":"summary_large_image","twitter_misc":{"\u00c9crit par":"Presseinvestigation.com","Dur\u00e9e de lecture estim\u00e9e":"2 minutes"},"schema":{"@context":"https:\/\/schema.org","@graph":[{"@type":"Article","@id":"https:\/\/www.presseinvestigation.com\/index.php\/2026\/04\/03\/hommage-du-president-de-la-hac-suite-au-deces-du-grand-imam-de-kankan\/#article","isPartOf":{"@id":"https:\/\/www.presseinvestigation.com\/index.php\/2026\/04\/03\/hommage-du-president-de-la-hac-suite-au-deces-du-grand-imam-de-kankan\/"},"author":{"name":"Presseinvestigation.com","@id":"https:\/\/www.presseinvestigation.com\/#\/schema\/person\/9eeee3740b98a364b2d60ad43edf321d"},"headline":"HOMMAGE DU PRESIDENT DE LA HAC SUITE AU DECES DU GRAND IMAM DE KANKAN","datePublished":"2026-04-03T15:46:53+00:00","mainEntityOfPage":{"@id":"https:\/\/www.presseinvestigation.com\/index.php\/2026\/04\/03\/hommage-du-president-de-la-hac-suite-au-deces-du-grand-imam-de-kankan\/"},"wordCount":393,"commentCount":0,"image":{"@id":"https:\/\/www.presseinvestigation.com\/index.php\/2026\/04\/03\/hommage-du-president-de-la-hac-suite-au-deces-du-grand-imam-de-kankan\/#primaryimage"},"thumbnailUrl":"https:\/\/www.presseinvestigation.com\/wp-content\/uploads\/2026\/04\/Screenshot_20260403_152308_Word.jpg","articleSection":["N\u00e9crologie"],"inLanguage":"fr-FR","potentialAction":[{"@type":"CommentAction","name":"Comment","target":["https:\/\/www.presseinvestigation.com\/index.php\/2026\/04\/03\/hommage-du-president-de-la-hac-suite-au-deces-du-grand-imam-de-kankan\/#respond"]}]},{"@type":"WebPage","@id":"https:\/\/www.presseinvestigation.com\/index.php\/2026\/04\/03\/hommage-du-president-de-la-hac-suite-au-deces-du-grand-imam-de-kankan\/","url":"https:\/\/www.presseinvestigation.com\/index.php\/2026\/04\/03\/hommage-du-president-de-la-hac-suite-au-deces-du-grand-imam-de-kankan\/","name":"HOMMAGE DU PRESIDENT DE LA HAC SUITE AU DECES DU GRAND IMAM DE KANKAN - Presseinvestigation","isPartOf":{"@id":"https:\/\/www.presseinvestigation.com\/#website"},"primaryImageOfPage":{"@id":"https:\/\/www.presseinvestigation.com\/index.php\/2026\/04\/03\/hommage-du-president-de-la-hac-suite-au-deces-du-grand-imam-de-kankan\/#primaryimage"},"image":{"@id":"https:\/\/www.presseinvestigation.com\/index.php\/2026\/04\/03\/hommage-du-president-de-la-hac-suite-au-deces-du-grand-imam-de-kankan\/#primaryimage"},"thumbnailUrl":"https:\/\/www.presseinvestigation.com\/wp-content\/uploads\/2026\/04\/Screenshot_20260403_152308_Word.jpg","datePublished":"2026-04-03T15:46:53+00:00","author":{"@id":"https:\/\/www.presseinvestigation.com\/#\/schema\/person\/9eeee3740b98a364b2d60ad43edf321d"},"breadcrumb":{"@id":"https:\/\/www.presseinvestigation.com\/index.php\/2026\/04\/03\/hommage-du-president-de-la-hac-suite-au-deces-du-grand-imam-de-kankan\/#breadcrumb"},"inLanguage":"fr-FR","potentialAction":[{"@type":"ReadAction","target":["https:\/\/www.presseinvestigation.com\/index.php\/2026\/04\/03\/hommage-du-president-de-la-hac-suite-au-deces-du-grand-imam-de-kankan\/"]}]},{"@type":"ImageObject","inLanguage":"fr-FR","@id":"https:\/\/www.presseinvestigation.com\/index.php\/2026\/04\/03\/hommage-du-president-de-la-hac-suite-au-deces-du-grand-imam-de-kankan\/#primaryimage","url":"https:\/\/www.presseinvestigation.com\/wp-content\/uploads\/2026\/04\/Screenshot_20260403_152308_Word.jpg","contentUrl":"https:\/\/www.presseinvestigation.com\/wp-content\/uploads\/2026\/04\/Screenshot_20260403_152308_Word.jpg","width":882,"height":599},{"@type":"BreadcrumbList","@id":"https:\/\/www.presseinvestigation.com\/index.php\/2026\/04\/03\/hommage-du-president-de-la-hac-suite-au-deces-du-grand-imam-de-kankan\/#breadcrumb","itemListElement":[{"@type":"ListItem","position":1,"name":"Accueil","item":"https:\/\/www.presseinvestigation.com\/"},{"@type":"ListItem","position":2,"name":"HOMMAGE DU PRESIDENT DE LA HAC SUITE AU DECES DU GRAND IMAM DE KANKAN"}]},{"@type":"WebSite","@id":"https:\/\/www.presseinvestigation.com\/#website","url":"https:\/\/www.presseinvestigation.com\/","name":"Presseinvestigation","description":"Informer dans l&#039;impartialit\u00e9","potentialAction":[{"@type":"SearchAction","target":{"@type":"EntryPoint","urlTemplate":"https:\/\/www.presseinvestigation.com\/?s={search_term_string}"},"query-input":{"@type":"PropertyValueSpecification","valueRequired":true,"valueName":"search_term_string"}}],"inLanguage":"fr-FR"},{"@type":"Person","@id":"https:\/\/www.presseinvestigation.com\/#\/schema\/person\/9eeee3740b98a364b2d60ad43edf321d","name":"Presseinvestigation.com","image":{"@type":"ImageObject","inLanguage":"fr-FR","@id":"https:\/\/www.presseinvestigation.com\/wp-content\/uploads\/2025\/12\/cropped-Logo_investigation-02-1-96x96.png","url":"https:\/\/www.presseinvestigation.com\/wp-content\/uploads\/2025\/12\/cropped-Logo_investigation-02-1-96x96.png","contentUrl":"https:\/\/www.presseinvestigation.com\/wp-content\/uploads\/2025\/12\/cropped-Logo_investigation-02-1-96x96.png","caption":"Presseinvestigation.com"},"sameAs":["https:\/\/wordpress.com"],"url":"https:\/\/www.presseinvestigation.com\/index.php\/author\/blog_table\/"}]}},"_links":{"self":[{"href":"https:\/\/www.presseinvestigation.com\/index.php\/wp-json\/wp\/v2\/posts\/9876","targetHints":{"allow":["GET"]}}],"collection":[{"href":"https:\/\/www.presseinvestigation.com\/index.php\/wp-json\/wp\/v2\/posts"}],"about":[{"href":"https:\/\/www.presseinvestigation.com\/index.php\/wp-json\/wp\/v2\/types\/post"}],"author":[{"embeddable":true,"href":"https:\/\/www.presseinvestigation.com\/index.php\/wp-json\/wp\/v2\/users\/3"}],"replies":[{"embeddable":true,"href":"https:\/\/www.presseinvestigation.com\/index.php\/wp-json\/wp\/v2\/comments?post=9876"}],"version-history":[{"count":1,"href":"https:\/\/www.presseinvestigation.com\/index.php\/wp-json\/wp\/v2\/posts\/9876\/revisions"}],"predecessor-version":[{"id":9877,"href":"https:\/\/www.presseinvestigation.com\/index.php\/wp-json\/wp\/v2\/posts\/9876\/revisions\/9877"}],"wp:featuredmedia":[{"embeddable":true,"href":"https:\/\/www.presseinvestigation.com\/index.php\/wp-json\/wp\/v2\/media\/9875"}],"wp:attachment":[{"href":"https:\/\/www.presseinvestigation.com\/index.php\/wp-json\/wp\/v2\/media?parent=9876"}],"wp:term":[{"taxonomy":"category","embeddable":true,"href":"https:\/\/www.presseinvestigation.com\/index.php\/wp-json\/wp\/v2\/categories?post=9876"},{"taxonomy":"post_tag","embeddable":true,"href":"https:\/\/www.presseinvestigation.com\/index.php\/wp-json\/wp\/v2\/tags?post=9876"}],"curies":[{"name":"wp","href":"https:\/\/api.w.org\/{rel}","templated":true}]}}