{"id":9883,"date":"2026-04-08T00:21:27","date_gmt":"2026-04-07T22:21:27","guid":{"rendered":"https:\/\/www.presseinvestigation.com\/index.php\/2026\/04\/08\/legislatives-et-communales-du-24-mai-2026-la-hac-rappelle-a-la-presse-de-sabtenir-a-anticiper-la-campagne-electorale-avant-la-date-officielle\/"},"modified":"2026-04-08T00:21:27","modified_gmt":"2026-04-07T22:21:27","slug":"legislatives-et-communales-du-24-mai-2026-la-hac-rappelle-a-la-presse-de-sabtenir-a-anticiper-la-campagne-electorale-avant-la-date-officielle","status":"publish","type":"post","link":"https:\/\/www.presseinvestigation.com\/index.php\/2026\/04\/08\/legislatives-et-communales-du-24-mai-2026-la-hac-rappelle-a-la-presse-de-sabtenir-a-anticiper-la-campagne-electorale-avant-la-date-officielle\/","title":{"rendered":"L\u00e9gislatives et communales du 24 mai 2026: la HAC rappelle \u00e0 la presse de s&#8217;abtenir\u00a0 \u00e0 anticiper la campagne \u00e9lectorale avant la date officielle\u00a0\u00a0"},"content":{"rendered":"<p>Ce mardi 07 avril 2026,la Haute autorit\u00e9 de la Communication( HAC) a rappell\u00e9 les professionnels des m\u00e9dias de ne diffuser aucun message de campage en rapport aux \u00e9lections legislatives et communales du 24 mai 2026, avant son ouverture officielle fix\u00e9e par decret pr\u00e9sidentielle.Lisez le communiqu\u00e9 ci-dessus.<\/p>\n<p><a href=\"https:\/\/www.presseinvestigation.com\/wp-content\/uploads\/2026\/04\/FB_IMG_1775593480893.jpg\"><img decoding=\"async\" class=\"attachment-full size-full\" src=\"https:\/\/www.presseinvestigation.com\/wp-content\/uploads\/2026\/04\/FB_IMG_1775593480893.jpg\" alt=\"\" \/><\/a><\/p>\n","protected":false},"excerpt":{"rendered":"<p>Ce mardi 07 avril 2026,la Haute autorit\u00e9 de la Communication( HAC) a rappell\u00e9 les professionnels des m\u00e9dias de ne diffuser aucun message de campage en rapport aux \u00e9lections legislatives et communales du 24 mai 2026, avant son ouverture officielle fix\u00e9e par decret pr\u00e9sidentielle.Lisez le communiqu\u00e9 ci-dessus.<\/p>\n","protected":false},"author":3,"featured_media":9882,"comment_status":"open","ping_status":"open","sticky":false,"template":"","format":"standard","meta":{"jnews-multi-image_gallery":[],"jnews_single_post":[],"jnews_primary_category":[],"footnotes":""},"categories":[91],"tags":[],"class_list":["post-9883","post","type-post","status-publish","format-standard","has-post-thumbnail","hentry","category-pole-actualite-politique"],"yoast_head":"<!-- This site is optimized with the Yoast SEO plugin v27.3 - https:\/\/yoast.com\/product\/yoast-seo-wordpress\/ -->\n<title>L\u00e9gislatives et communales du 24 mai 2026: la HAC rappelle \u00e0 la presse de s&#039;abtenir\u00a0 \u00e0 anticiper la campagne \u00e9lectorale avant la date officielle\u00a0\u00a0 - Presseinvestigation<\/title>\n<meta name=\"robots\" content=\"index, follow, max-snippet:-1, max-image-preview:large, max-video-preview:-1\" \/>\n<link rel=\"canonical\" href=\"https:\/\/www.presseinvestigation.com\/index.php\/2026\/04\/08\/legislatives-et-communales-du-24-mai-2026-la-hac-rappelle-a-la-presse-de-sabtenir-a-anticiper-la-campagne-electorale-avant-la-date-officielle\/\" \/>\n<meta property=\"og:locale\" content=\"fr_FR\" \/>\n<meta property=\"og:type\" content=\"article\" \/>\n<meta property=\"og:title\" content=\"L\u00e9gislatives et communales du 24 mai 2026: la HAC rappelle \u00e0 la presse de s&#039;abtenir\u00a0 \u00e0 anticiper la campagne \u00e9lectorale avant la date officielle\u00a0\u00a0 - Presseinvestigation\" \/>\n<meta property=\"og:description\" content=\"Ce mardi 07 avril 2026,la Haute autorit\u00e9 de la Communication( HAC) a rappell\u00e9 les professionnels des m\u00e9dias de ne diffuser aucun message de campage en rapport aux \u00e9lections legislatives et communales du 24 mai 2026, avant son ouverture officielle fix\u00e9e par decret pr\u00e9sidentielle.Lisez le communiqu\u00e9 ci-dessus.\" \/>\n<meta property=\"og:url\" content=\"https:\/\/www.presseinvestigation.com\/index.php\/2026\/04\/08\/legislatives-et-communales-du-24-mai-2026-la-hac-rappelle-a-la-presse-de-sabtenir-a-anticiper-la-campagne-electorale-avant-la-date-officielle\/\" \/>\n<meta property=\"og:site_name\" content=\"Presseinvestigation\" \/>\n<meta property=\"article:published_time\" content=\"2026-04-07T22:21:27+00:00\" \/>\n<meta property=\"og:image\" content=\"https:\/\/www.presseinvestigation.com\/wp-content\/uploads\/2026\/04\/team_presi.png\" \/>\n\t<meta property=\"og:image:width\" content=\"560\" \/>\n\t<meta property=\"og:image:height\" content=\"500\" \/>\n\t<meta property=\"og:image:type\" content=\"image\/png\" \/>\n<meta name=\"author\" content=\"Presseinvestigation.com\" \/>\n<meta name=\"twitter:card\" content=\"summary_large_image\" \/>\n<meta name=\"twitter:label1\" content=\"\u00c9crit par\" \/>\n\t<meta name=\"twitter:data1\" content=\"Presseinvestigation.com\" \/>\n<script type=\"application\/ld+json\" class=\"yoast-schema-graph\">{\"@context\":\"https:\\\/\\\/schema.org\",\"@graph\":[{\"@type\":\"Article\",\"@id\":\"https:\\\/\\\/www.presseinvestigation.com\\\/index.php\\\/2026\\\/04\\\/08\\\/legislatives-et-communales-du-24-mai-2026-la-hac-rappelle-a-la-presse-de-sabtenir-a-anticiper-la-campagne-electorale-avant-la-date-officielle\\\/#article\",\"isPartOf\":{\"@id\":\"https:\\\/\\\/www.presseinvestigation.com\\\/index.php\\\/2026\\\/04\\\/08\\\/legislatives-et-communales-du-24-mai-2026-la-hac-rappelle-a-la-presse-de-sabtenir-a-anticiper-la-campagne-electorale-avant-la-date-officielle\\\/\"},\"author\":{\"name\":\"Presseinvestigation.com\",\"@id\":\"https:\\\/\\\/www.presseinvestigation.com\\\/#\\\/schema\\\/person\\\/9eeee3740b98a364b2d60ad43edf321d\"},\"headline\":\"L\u00e9gislatives et communales du 24 mai 2026: la HAC rappelle \u00e0 la presse de s&#8217;abtenir\u00a0 \u00e0 anticiper la campagne \u00e9lectorale avant la date officielle\u00a0\u00a0\",\"datePublished\":\"2026-04-07T22:21:27+00:00\",\"mainEntityOfPage\":{\"@id\":\"https:\\\/\\\/www.presseinvestigation.com\\\/index.php\\\/2026\\\/04\\\/08\\\/legislatives-et-communales-du-24-mai-2026-la-hac-rappelle-a-la-presse-de-sabtenir-a-anticiper-la-campagne-electorale-avant-la-date-officielle\\\/\"},\"wordCount\":69,\"commentCount\":0,\"image\":{\"@id\":\"https:\\\/\\\/www.presseinvestigation.com\\\/index.php\\\/2026\\\/04\\\/08\\\/legislatives-et-communales-du-24-mai-2026-la-hac-rappelle-a-la-presse-de-sabtenir-a-anticiper-la-campagne-electorale-avant-la-date-officielle\\\/#primaryimage\"},\"thumbnailUrl\":\"https:\\\/\\\/www.presseinvestigation.com\\\/wp-content\\\/uploads\\\/2026\\\/04\\\/team_presi.png\",\"articleSection\":[\"P\u00f4le Actualit\u00e9-Politique\"],\"inLanguage\":\"fr-FR\",\"potentialAction\":[{\"@type\":\"CommentAction\",\"name\":\"Comment\",\"target\":[\"https:\\\/\\\/www.presseinvestigation.com\\\/index.php\\\/2026\\\/04\\\/08\\\/legislatives-et-communales-du-24-mai-2026-la-hac-rappelle-a-la-presse-de-sabtenir-a-anticiper-la-campagne-electorale-avant-la-date-officielle\\\/#respond\"]}]},{\"@type\":\"WebPage\",\"@id\":\"https:\\\/\\\/www.presseinvestigation.com\\\/index.php\\\/2026\\\/04\\\/08\\\/legislatives-et-communales-du-24-mai-2026-la-hac-rappelle-a-la-presse-de-sabtenir-a-anticiper-la-campagne-electorale-avant-la-date-officielle\\\/\",\"url\":\"https:\\\/\\\/www.presseinvestigation.com\\\/index.php\\\/2026\\\/04\\\/08\\\/legislatives-et-communales-du-24-mai-2026-la-hac-rappelle-a-la-presse-de-sabtenir-a-anticiper-la-campagne-electorale-avant-la-date-officielle\\\/\",\"name\":\"L\u00e9gislatives et communales du 24 mai 2026: la HAC rappelle \u00e0 la presse de s'abtenir\u00a0 \u00e0 anticiper la campagne \u00e9lectorale avant la date officielle\u00a0\u00a0 - Presseinvestigation\",\"isPartOf\":{\"@id\":\"https:\\\/\\\/www.presseinvestigation.com\\\/#website\"},\"primaryImageOfPage\":{\"@id\":\"https:\\\/\\\/www.presseinvestigation.com\\\/index.php\\\/2026\\\/04\\\/08\\\/legislatives-et-communales-du-24-mai-2026-la-hac-rappelle-a-la-presse-de-sabtenir-a-anticiper-la-campagne-electorale-avant-la-date-officielle\\\/#primaryimage\"},\"image\":{\"@id\":\"https:\\\/\\\/www.presseinvestigation.com\\\/index.php\\\/2026\\\/04\\\/08\\\/legislatives-et-communales-du-24-mai-2026-la-hac-rappelle-a-la-presse-de-sabtenir-a-anticiper-la-campagne-electorale-avant-la-date-officielle\\\/#primaryimage\"},\"thumbnailUrl\":\"https:\\\/\\\/www.presseinvestigation.com\\\/wp-content\\\/uploads\\\/2026\\\/04\\\/team_presi.png\",\"datePublished\":\"2026-04-07T22:21:27+00:00\",\"author\":{\"@id\":\"https:\\\/\\\/www.presseinvestigation.com\\\/#\\\/schema\\\/person\\\/9eeee3740b98a364b2d60ad43edf321d\"},\"breadcrumb\":{\"@id\":\"https:\\\/\\\/www.presseinvestigation.com\\\/index.php\\\/2026\\\/04\\\/08\\\/legislatives-et-communales-du-24-mai-2026-la-hac-rappelle-a-la-presse-de-sabtenir-a-anticiper-la-campagne-electorale-avant-la-date-officielle\\\/#breadcrumb\"},\"inLanguage\":\"fr-FR\",\"potentialAction\":[{\"@type\":\"ReadAction\",\"target\":[\"https:\\\/\\\/www.presseinvestigation.com\\\/index.php\\\/2026\\\/04\\\/08\\\/legislatives-et-communales-du-24-mai-2026-la-hac-rappelle-a-la-presse-de-sabtenir-a-anticiper-la-campagne-electorale-avant-la-date-officielle\\\/\"]}]},{\"@type\":\"ImageObject\",\"inLanguage\":\"fr-FR\",\"@id\":\"https:\\\/\\\/www.presseinvestigation.com\\\/index.php\\\/2026\\\/04\\\/08\\\/legislatives-et-communales-du-24-mai-2026-la-hac-rappelle-a-la-presse-de-sabtenir-a-anticiper-la-campagne-electorale-avant-la-date-officielle\\\/#primaryimage\",\"url\":\"https:\\\/\\\/www.presseinvestigation.com\\\/wp-content\\\/uploads\\\/2026\\\/04\\\/team_presi.png\",\"contentUrl\":\"https:\\\/\\\/www.presseinvestigation.com\\\/wp-content\\\/uploads\\\/2026\\\/04\\\/team_presi.png\",\"width\":560,\"height\":500},{\"@type\":\"BreadcrumbList\",\"@id\":\"https:\\\/\\\/www.presseinvestigation.com\\\/index.php\\\/2026\\\/04\\\/08\\\/legislatives-et-communales-du-24-mai-2026-la-hac-rappelle-a-la-presse-de-sabtenir-a-anticiper-la-campagne-electorale-avant-la-date-officielle\\\/#breadcrumb\",\"itemListElement\":[{\"@type\":\"ListItem\",\"position\":1,\"name\":\"Accueil\",\"item\":\"https:\\\/\\\/www.presseinvestigation.com\\\/\"},{\"@type\":\"ListItem\",\"position\":2,\"name\":\"L\u00e9gislatives et communales du 24 mai 2026: la HAC rappelle \u00e0 la presse de s&#8217;abtenir\u00a0 \u00e0 anticiper la campagne \u00e9lectorale avant la date officielle\u00a0\u00a0\"}]},{\"@type\":\"WebSite\",\"@id\":\"https:\\\/\\\/www.presseinvestigation.com\\\/#website\",\"url\":\"https:\\\/\\\/www.presseinvestigation.com\\\/\",\"name\":\"Presseinvestigation\",\"description\":\"Informer dans l&#039;impartialit\u00e9\",\"potentialAction\":[{\"@type\":\"SearchAction\",\"target\":{\"@type\":\"EntryPoint\",\"urlTemplate\":\"https:\\\/\\\/www.presseinvestigation.com\\\/?s={search_term_string}\"},\"query-input\":{\"@type\":\"PropertyValueSpecification\",\"valueRequired\":true,\"valueName\":\"search_term_string\"}}],\"inLanguage\":\"fr-FR\"},{\"@type\":\"Person\",\"@id\":\"https:\\\/\\\/www.presseinvestigation.com\\\/#\\\/schema\\\/person\\\/9eeee3740b98a364b2d60ad43edf321d\",\"name\":\"Presseinvestigation.com\",\"image\":{\"@type\":\"ImageObject\",\"inLanguage\":\"fr-FR\",\"@id\":\"https:\\\/\\\/www.presseinvestigation.com\\\/wp-content\\\/uploads\\\/2025\\\/12\\\/cropped-Logo_investigation-02-1-96x96.png\",\"url\":\"https:\\\/\\\/www.presseinvestigation.com\\\/wp-content\\\/uploads\\\/2025\\\/12\\\/cropped-Logo_investigation-02-1-96x96.png\",\"contentUrl\":\"https:\\\/\\\/www.presseinvestigation.com\\\/wp-content\\\/uploads\\\/2025\\\/12\\\/cropped-Logo_investigation-02-1-96x96.png\",\"caption\":\"Presseinvestigation.com\"},\"sameAs\":[\"https:\\\/\\\/wordpress.com\"],\"url\":\"https:\\\/\\\/www.presseinvestigation.com\\\/index.php\\\/author\\\/blog_table\\\/\"}]}<\/script>\n<!-- \/ Yoast SEO plugin. -->","yoast_head_json":{"title":"L\u00e9gislatives et communales du 24 mai 2026: la HAC rappelle \u00e0 la presse de s'abtenir\u00a0 \u00e0 anticiper la campagne \u00e9lectorale avant la date officielle\u00a0\u00a0 - Presseinvestigation","robots":{"index":"index","follow":"follow","max-snippet":"max-snippet:-1","max-image-preview":"max-image-preview:large","max-video-preview":"max-video-preview:-1"},"canonical":"https:\/\/www.presseinvestigation.com\/index.php\/2026\/04\/08\/legislatives-et-communales-du-24-mai-2026-la-hac-rappelle-a-la-presse-de-sabtenir-a-anticiper-la-campagne-electorale-avant-la-date-officielle\/","og_locale":"fr_FR","og_type":"article","og_title":"L\u00e9gislatives et communales du 24 mai 2026: la HAC rappelle \u00e0 la presse de s'abtenir\u00a0 \u00e0 anticiper la campagne \u00e9lectorale avant la date officielle\u00a0\u00a0 - Presseinvestigation","og_description":"Ce mardi 07 avril 2026,la Haute autorit\u00e9 de la Communication( HAC) a rappell\u00e9 les professionnels des m\u00e9dias de ne diffuser aucun message de campage en rapport aux \u00e9lections legislatives et communales du 24 mai 2026, avant son ouverture officielle fix\u00e9e par decret pr\u00e9sidentielle.Lisez le communiqu\u00e9 ci-dessus.","og_url":"https:\/\/www.presseinvestigation.com\/index.php\/2026\/04\/08\/legislatives-et-communales-du-24-mai-2026-la-hac-rappelle-a-la-presse-de-sabtenir-a-anticiper-la-campagne-electorale-avant-la-date-officielle\/","og_site_name":"Presseinvestigation","article_published_time":"2026-04-07T22:21:27+00:00","og_image":[{"width":560,"height":500,"url":"https:\/\/www.presseinvestigation.com\/wp-content\/uploads\/2026\/04\/team_presi.png","type":"image\/png"}],"author":"Presseinvestigation.com","twitter_card":"summary_large_image","twitter_misc":{"\u00c9crit par":"Presseinvestigation.com"},"schema":{"@context":"https:\/\/schema.org","@graph":[{"@type":"Article","@id":"https:\/\/www.presseinvestigation.com\/index.php\/2026\/04\/08\/legislatives-et-communales-du-24-mai-2026-la-hac-rappelle-a-la-presse-de-sabtenir-a-anticiper-la-campagne-electorale-avant-la-date-officielle\/#article","isPartOf":{"@id":"https:\/\/www.presseinvestigation.com\/index.php\/2026\/04\/08\/legislatives-et-communales-du-24-mai-2026-la-hac-rappelle-a-la-presse-de-sabtenir-a-anticiper-la-campagne-electorale-avant-la-date-officielle\/"},"author":{"name":"Presseinvestigation.com","@id":"https:\/\/www.presseinvestigation.com\/#\/schema\/person\/9eeee3740b98a364b2d60ad43edf321d"},"headline":"L\u00e9gislatives et communales du 24 mai 2026: la HAC rappelle \u00e0 la presse de s&#8217;abtenir\u00a0 \u00e0 anticiper la campagne \u00e9lectorale avant la date officielle\u00a0\u00a0","datePublished":"2026-04-07T22:21:27+00:00","mainEntityOfPage":{"@id":"https:\/\/www.presseinvestigation.com\/index.php\/2026\/04\/08\/legislatives-et-communales-du-24-mai-2026-la-hac-rappelle-a-la-presse-de-sabtenir-a-anticiper-la-campagne-electorale-avant-la-date-officielle\/"},"wordCount":69,"commentCount":0,"image":{"@id":"https:\/\/www.presseinvestigation.com\/index.php\/2026\/04\/08\/legislatives-et-communales-du-24-mai-2026-la-hac-rappelle-a-la-presse-de-sabtenir-a-anticiper-la-campagne-electorale-avant-la-date-officielle\/#primaryimage"},"thumbnailUrl":"https:\/\/www.presseinvestigation.com\/wp-content\/uploads\/2026\/04\/team_presi.png","articleSection":["P\u00f4le Actualit\u00e9-Politique"],"inLanguage":"fr-FR","potentialAction":[{"@type":"CommentAction","name":"Comment","target":["https:\/\/www.presseinvestigation.com\/index.php\/2026\/04\/08\/legislatives-et-communales-du-24-mai-2026-la-hac-rappelle-a-la-presse-de-sabtenir-a-anticiper-la-campagne-electorale-avant-la-date-officielle\/#respond"]}]},{"@type":"WebPage","@id":"https:\/\/www.presseinvestigation.com\/index.php\/2026\/04\/08\/legislatives-et-communales-du-24-mai-2026-la-hac-rappelle-a-la-presse-de-sabtenir-a-anticiper-la-campagne-electorale-avant-la-date-officielle\/","url":"https:\/\/www.presseinvestigation.com\/index.php\/2026\/04\/08\/legislatives-et-communales-du-24-mai-2026-la-hac-rappelle-a-la-presse-de-sabtenir-a-anticiper-la-campagne-electorale-avant-la-date-officielle\/","name":"L\u00e9gislatives et communales du 24 mai 2026: la HAC rappelle \u00e0 la presse de s'abtenir\u00a0 \u00e0 anticiper la campagne \u00e9lectorale avant la date officielle\u00a0\u00a0 - Presseinvestigation","isPartOf":{"@id":"https:\/\/www.presseinvestigation.com\/#website"},"primaryImageOfPage":{"@id":"https:\/\/www.presseinvestigation.com\/index.php\/2026\/04\/08\/legislatives-et-communales-du-24-mai-2026-la-hac-rappelle-a-la-presse-de-sabtenir-a-anticiper-la-campagne-electorale-avant-la-date-officielle\/#primaryimage"},"image":{"@id":"https:\/\/www.presseinvestigation.com\/index.php\/2026\/04\/08\/legislatives-et-communales-du-24-mai-2026-la-hac-rappelle-a-la-presse-de-sabtenir-a-anticiper-la-campagne-electorale-avant-la-date-officielle\/#primaryimage"},"thumbnailUrl":"https:\/\/www.presseinvestigation.com\/wp-content\/uploads\/2026\/04\/team_presi.png","datePublished":"2026-04-07T22:21:27+00:00","author":{"@id":"https:\/\/www.presseinvestigation.com\/#\/schema\/person\/9eeee3740b98a364b2d60ad43edf321d"},"breadcrumb":{"@id":"https:\/\/www.presseinvestigation.com\/index.php\/2026\/04\/08\/legislatives-et-communales-du-24-mai-2026-la-hac-rappelle-a-la-presse-de-sabtenir-a-anticiper-la-campagne-electorale-avant-la-date-officielle\/#breadcrumb"},"inLanguage":"fr-FR","potentialAction":[{"@type":"ReadAction","target":["https:\/\/www.presseinvestigation.com\/index.php\/2026\/04\/08\/legislatives-et-communales-du-24-mai-2026-la-hac-rappelle-a-la-presse-de-sabtenir-a-anticiper-la-campagne-electorale-avant-la-date-officielle\/"]}]},{"@type":"ImageObject","inLanguage":"fr-FR","@id":"https:\/\/www.presseinvestigation.com\/index.php\/2026\/04\/08\/legislatives-et-communales-du-24-mai-2026-la-hac-rappelle-a-la-presse-de-sabtenir-a-anticiper-la-campagne-electorale-avant-la-date-officielle\/#primaryimage","url":"https:\/\/www.presseinvestigation.com\/wp-content\/uploads\/2026\/04\/team_presi.png","contentUrl":"https:\/\/www.presseinvestigation.com\/wp-content\/uploads\/2026\/04\/team_presi.png","width":560,"height":500},{"@type":"BreadcrumbList","@id":"https:\/\/www.presseinvestigation.com\/index.php\/2026\/04\/08\/legislatives-et-communales-du-24-mai-2026-la-hac-rappelle-a-la-presse-de-sabtenir-a-anticiper-la-campagne-electorale-avant-la-date-officielle\/#breadcrumb","itemListElement":[{"@type":"ListItem","position":1,"name":"Accueil","item":"https:\/\/www.presseinvestigation.com\/"},{"@type":"ListItem","position":2,"name":"L\u00e9gislatives et communales du 24 mai 2026: la HAC rappelle \u00e0 la presse de s&#8217;abtenir\u00a0 \u00e0 anticiper la campagne \u00e9lectorale avant la date officielle\u00a0\u00a0"}]},{"@type":"WebSite","@id":"https:\/\/www.presseinvestigation.com\/#website","url":"https:\/\/www.presseinvestigation.com\/","name":"Presseinvestigation","description":"Informer dans l&#039;impartialit\u00e9","potentialAction":[{"@type":"SearchAction","target":{"@type":"EntryPoint","urlTemplate":"https:\/\/www.presseinvestigation.com\/?s={search_term_string}"},"query-input":{"@type":"PropertyValueSpecification","valueRequired":true,"valueName":"search_term_string"}}],"inLanguage":"fr-FR"},{"@type":"Person","@id":"https:\/\/www.presseinvestigation.com\/#\/schema\/person\/9eeee3740b98a364b2d60ad43edf321d","name":"Presseinvestigation.com","image":{"@type":"ImageObject","inLanguage":"fr-FR","@id":"https:\/\/www.presseinvestigation.com\/wp-content\/uploads\/2025\/12\/cropped-Logo_investigation-02-1-96x96.png","url":"https:\/\/www.presseinvestigation.com\/wp-content\/uploads\/2025\/12\/cropped-Logo_investigation-02-1-96x96.png","contentUrl":"https:\/\/www.presseinvestigation.com\/wp-content\/uploads\/2025\/12\/cropped-Logo_investigation-02-1-96x96.png","caption":"Presseinvestigation.com"},"sameAs":["https:\/\/wordpress.com"],"url":"https:\/\/www.presseinvestigation.com\/index.php\/author\/blog_table\/"}]}},"_links":{"self":[{"href":"https:\/\/www.presseinvestigation.com\/index.php\/wp-json\/wp\/v2\/posts\/9883","targetHints":{"allow":["GET"]}}],"collection":[{"href":"https:\/\/www.presseinvestigation.com\/index.php\/wp-json\/wp\/v2\/posts"}],"about":[{"href":"https:\/\/www.presseinvestigation.com\/index.php\/wp-json\/wp\/v2\/types\/post"}],"author":[{"embeddable":true,"href":"https:\/\/www.presseinvestigation.com\/index.php\/wp-json\/wp\/v2\/users\/3"}],"replies":[{"embeddable":true,"href":"https:\/\/www.presseinvestigation.com\/index.php\/wp-json\/wp\/v2\/comments?post=9883"}],"version-history":[{"count":1,"href":"https:\/\/www.presseinvestigation.com\/index.php\/wp-json\/wp\/v2\/posts\/9883\/revisions"}],"predecessor-version":[{"id":9884,"href":"https:\/\/www.presseinvestigation.com\/index.php\/wp-json\/wp\/v2\/posts\/9883\/revisions\/9884"}],"wp:featuredmedia":[{"embeddable":true,"href":"https:\/\/www.presseinvestigation.com\/index.php\/wp-json\/wp\/v2\/media\/9882"}],"wp:attachment":[{"href":"https:\/\/www.presseinvestigation.com\/index.php\/wp-json\/wp\/v2\/media?parent=9883"}],"wp:term":[{"taxonomy":"category","embeddable":true,"href":"https:\/\/www.presseinvestigation.com\/index.php\/wp-json\/wp\/v2\/categories?post=9883"},{"taxonomy":"post_tag","embeddable":true,"href":"https:\/\/www.presseinvestigation.com\/index.php\/wp-json\/wp\/v2\/tags?post=9883"}],"curies":[{"name":"wp","href":"https:\/\/api.w.org\/{rel}","templated":true}]}}