{"id":9888,"date":"2026-04-09T02:35:02","date_gmt":"2026-04-09T00:35:02","guid":{"rendered":"https:\/\/www.presseinvestigation.com\/index.php\/2026\/04\/09\/nairobi-le-ministre-guineen-de-lurbanisme-participe-au-2eme-forum-urbain-africain\/"},"modified":"2026-04-09T02:35:02","modified_gmt":"2026-04-09T00:35:02","slug":"nairobi-le-ministre-guineen-de-lurbanisme-participe-au-2eme-forum-urbain-africain","status":"publish","type":"post","link":"https:\/\/www.presseinvestigation.com\/index.php\/2026\/04\/09\/nairobi-le-ministre-guineen-de-lurbanisme-participe-au-2eme-forum-urbain-africain\/","title":{"rendered":"Na\u00efrobi\u00a0: le Ministre Guin\u00e9en de l\u2019urbanisme participe au 2\u00e8me Forum Urbain Africain"},"content":{"rendered":"<p><strong>Mohamed Lamine Sy SAVANE , Ministre de l\u2019Urbanisme, de l\u2019Habitat et de l\u2019Am\u00e9nagement du Territoire, participe au deuxi\u00e8me Forum Urbain Africain qui se tient du 08 au 10 avril\u00a0 \u00e0 Na\u00efrobi, la capitale du kenya. Il s&#8217;est exprim\u00e9 \u00e0 la c\u00e9r\u00e9monie du lancement de l&#8217;\u00e9v\u00e8nement .<\/strong><\/p>\n<p><a href=\"https:\/\/www.presseinvestigation.com\/wp-content\/uploads\/2026\/04\/FB_IMG_1775676638640.jpg\"><img decoding=\"async\" class=\"attachment-full size-full\" src=\"https:\/\/www.presseinvestigation.com\/wp-content\/uploads\/2026\/04\/FB_IMG_1775676638640.jpg\" alt=\"\" \/><\/a><\/p>\n<p>\u00ab <em>Ce forum qui regroupe des gouvernements, des experts et des organisations internationales, constitue un cadre privil\u00e9gi\u00e9 de r\u00e9flexion et d\u2019action visant \u00e0 am\u00e9liorer la mani\u00e8re dont nos villes africaines se d\u00e9veloppent, afin qu\u2019elles r\u00e9pondent davantage aux besoins de leurs populations. A travers cette rencontre, nous nous engageons \u00e0 : promouvoir des villes, durables et r\u00e9silientes ; partager des solutions innovantes adapt\u00e9es aux r\u00e9alit\u00e9s africaines ; renforcer la coop\u00e9ration entre les pays africains. Durant ces trois jours, je mettrai \u00e0 profit cette plateforme pour \u00e9changer avec les diff\u00e9rents acteurs et partenaires, en vue de promouvoir un d\u00e9veloppement urbain durable et r\u00e9silient en Guin\u00e9e<\/em> \u00bb a mentionn\u00e9 Monsieur SY SAVAN\u00c9.<\/p>\n<p><a href=\"https:\/\/www.presseinvestigation.com\/wp-content\/uploads\/2026\/04\/FB_IMG_1775668485262.jpg\"><img decoding=\"async\" class=\"attachment-full size-full\" src=\"https:\/\/www.presseinvestigation.com\/wp-content\/uploads\/2026\/04\/FB_IMG_1775668485262.jpg\" alt=\"\" \/><\/a><\/p>\n<p>A souligner que le Ministre Guin\u00e9en de l&#8217;Urbanisme, prend part \u00e0 cette rencontre, en compagnie d\u2019une forte d\u00e9l\u00e9gation guin\u00e9enne. Et ce deuxi\u00e8me Forum Urbain Africain s\u2019inscrit dans la dynamique de pr\u00e9paration du Forum Urbain Mondial, pr\u00e9vu \u00e0 Bakou, en Azerba\u00efdjan, du 17 au 22 mai 2026.<\/p>\n<p><strong>Service p\u00f4le Actualit\u00e9 de presseinvestigation.com\/ Toumany CAMARA<\/strong><\/p>\n","protected":false},"excerpt":{"rendered":"<p>Mohamed Lamine Sy SAVANE , Ministre de l\u2019Urbanisme, de l\u2019Habitat et de l\u2019Am\u00e9nagement du Territoire, participe au deuxi\u00e8me Forum Urbain Africain qui se tient du 08 au 10 avril\u00a0 \u00e0 Na\u00efrobi, la capitale du kenya. Il s&#8217;est exprim\u00e9 \u00e0 la c\u00e9r\u00e9monie du lancement de l&#8217;\u00e9v\u00e8nement . \u00ab Ce forum qui regroupe des gouvernements, des experts [&hellip;]<\/p>\n","protected":false},"author":3,"featured_media":9885,"comment_status":"open","ping_status":"open","sticky":false,"template":"","format":"standard","meta":{"jnews-multi-image_gallery":[],"jnews_single_post":[],"jnews_primary_category":[],"footnotes":""},"categories":[80],"tags":[],"class_list":["post-9888","post","type-post","status-publish","format-standard","has-post-thumbnail","hentry","category-actualite"],"yoast_head":"<!-- This site is optimized with the Yoast SEO plugin v27.3 - https:\/\/yoast.com\/product\/yoast-seo-wordpress\/ -->\n<title>Na\u00efrobi\u00a0: le Ministre Guin\u00e9en de l\u2019urbanisme participe au 2\u00e8me Forum Urbain Africain - Presseinvestigation<\/title>\n<meta name=\"robots\" content=\"index, follow, max-snippet:-1, max-image-preview:large, max-video-preview:-1\" \/>\n<link rel=\"canonical\" href=\"https:\/\/www.presseinvestigation.com\/index.php\/2026\/04\/09\/nairobi-le-ministre-guineen-de-lurbanisme-participe-au-2eme-forum-urbain-africain\/\" \/>\n<meta property=\"og:locale\" content=\"fr_FR\" \/>\n<meta property=\"og:type\" content=\"article\" \/>\n<meta property=\"og:title\" content=\"Na\u00efrobi\u00a0: le Ministre Guin\u00e9en de l\u2019urbanisme participe au 2\u00e8me Forum Urbain Africain - Presseinvestigation\" \/>\n<meta property=\"og:description\" content=\"Mohamed Lamine Sy SAVANE , Ministre de l\u2019Urbanisme, de l\u2019Habitat et de l\u2019Am\u00e9nagement du Territoire, participe au deuxi\u00e8me Forum Urbain Africain qui se tient du 08 au 10 avril\u00a0 \u00e0 Na\u00efrobi, la capitale du kenya. Il s&#8217;est exprim\u00e9 \u00e0 la c\u00e9r\u00e9monie du lancement de l&#8217;\u00e9v\u00e8nement . \u00ab Ce forum qui regroupe des gouvernements, des experts [&hellip;]\" \/>\n<meta property=\"og:url\" content=\"https:\/\/www.presseinvestigation.com\/index.php\/2026\/04\/09\/nairobi-le-ministre-guineen-de-lurbanisme-participe-au-2eme-forum-urbain-africain\/\" \/>\n<meta property=\"og:site_name\" content=\"Presseinvestigation\" \/>\n<meta property=\"article:published_time\" content=\"2026-04-09T00:35:02+00:00\" \/>\n<meta property=\"og:image\" content=\"https:\/\/www.presseinvestigation.com\/wp-content\/uploads\/2026\/04\/FB_IMG_1775676590584.jpg\" \/>\n\t<meta property=\"og:image:width\" content=\"1089\" \/>\n\t<meta property=\"og:image:height\" content=\"1120\" \/>\n\t<meta property=\"og:image:type\" content=\"image\/jpeg\" \/>\n<meta name=\"author\" content=\"Presseinvestigation.com\" \/>\n<meta name=\"twitter:card\" content=\"summary_large_image\" \/>\n<meta name=\"twitter:label1\" content=\"\u00c9crit par\" \/>\n\t<meta name=\"twitter:data1\" content=\"Presseinvestigation.com\" \/>\n\t<meta name=\"twitter:label2\" content=\"Dur\u00e9e de lecture estim\u00e9e\" \/>\n\t<meta name=\"twitter:data2\" content=\"1 minute\" \/>\n<script type=\"application\/ld+json\" class=\"yoast-schema-graph\">{\"@context\":\"https:\\\/\\\/schema.org\",\"@graph\":[{\"@type\":\"Article\",\"@id\":\"https:\\\/\\\/www.presseinvestigation.com\\\/index.php\\\/2026\\\/04\\\/09\\\/nairobi-le-ministre-guineen-de-lurbanisme-participe-au-2eme-forum-urbain-africain\\\/#article\",\"isPartOf\":{\"@id\":\"https:\\\/\\\/www.presseinvestigation.com\\\/index.php\\\/2026\\\/04\\\/09\\\/nairobi-le-ministre-guineen-de-lurbanisme-participe-au-2eme-forum-urbain-africain\\\/\"},\"author\":{\"name\":\"Presseinvestigation.com\",\"@id\":\"https:\\\/\\\/www.presseinvestigation.com\\\/#\\\/schema\\\/person\\\/9eeee3740b98a364b2d60ad43edf321d\"},\"headline\":\"Na\u00efrobi\u00a0: le Ministre Guin\u00e9en de l\u2019urbanisme participe au 2\u00e8me Forum Urbain Africain\",\"datePublished\":\"2026-04-09T00:35:02+00:00\",\"mainEntityOfPage\":{\"@id\":\"https:\\\/\\\/www.presseinvestigation.com\\\/index.php\\\/2026\\\/04\\\/09\\\/nairobi-le-ministre-guineen-de-lurbanisme-participe-au-2eme-forum-urbain-africain\\\/\"},\"wordCount\":245,\"commentCount\":0,\"image\":{\"@id\":\"https:\\\/\\\/www.presseinvestigation.com\\\/index.php\\\/2026\\\/04\\\/09\\\/nairobi-le-ministre-guineen-de-lurbanisme-participe-au-2eme-forum-urbain-africain\\\/#primaryimage\"},\"thumbnailUrl\":\"https:\\\/\\\/www.presseinvestigation.com\\\/wp-content\\\/uploads\\\/2026\\\/04\\\/FB_IMG_1775676590584.jpg\",\"articleSection\":[\"Actualit\u00e9\"],\"inLanguage\":\"fr-FR\",\"potentialAction\":[{\"@type\":\"CommentAction\",\"name\":\"Comment\",\"target\":[\"https:\\\/\\\/www.presseinvestigation.com\\\/index.php\\\/2026\\\/04\\\/09\\\/nairobi-le-ministre-guineen-de-lurbanisme-participe-au-2eme-forum-urbain-africain\\\/#respond\"]}]},{\"@type\":\"WebPage\",\"@id\":\"https:\\\/\\\/www.presseinvestigation.com\\\/index.php\\\/2026\\\/04\\\/09\\\/nairobi-le-ministre-guineen-de-lurbanisme-participe-au-2eme-forum-urbain-africain\\\/\",\"url\":\"https:\\\/\\\/www.presseinvestigation.com\\\/index.php\\\/2026\\\/04\\\/09\\\/nairobi-le-ministre-guineen-de-lurbanisme-participe-au-2eme-forum-urbain-africain\\\/\",\"name\":\"Na\u00efrobi\u00a0: le Ministre Guin\u00e9en de l\u2019urbanisme participe au 2\u00e8me Forum Urbain Africain - Presseinvestigation\",\"isPartOf\":{\"@id\":\"https:\\\/\\\/www.presseinvestigation.com\\\/#website\"},\"primaryImageOfPage\":{\"@id\":\"https:\\\/\\\/www.presseinvestigation.com\\\/index.php\\\/2026\\\/04\\\/09\\\/nairobi-le-ministre-guineen-de-lurbanisme-participe-au-2eme-forum-urbain-africain\\\/#primaryimage\"},\"image\":{\"@id\":\"https:\\\/\\\/www.presseinvestigation.com\\\/index.php\\\/2026\\\/04\\\/09\\\/nairobi-le-ministre-guineen-de-lurbanisme-participe-au-2eme-forum-urbain-africain\\\/#primaryimage\"},\"thumbnailUrl\":\"https:\\\/\\\/www.presseinvestigation.com\\\/wp-content\\\/uploads\\\/2026\\\/04\\\/FB_IMG_1775676590584.jpg\",\"datePublished\":\"2026-04-09T00:35:02+00:00\",\"author\":{\"@id\":\"https:\\\/\\\/www.presseinvestigation.com\\\/#\\\/schema\\\/person\\\/9eeee3740b98a364b2d60ad43edf321d\"},\"breadcrumb\":{\"@id\":\"https:\\\/\\\/www.presseinvestigation.com\\\/index.php\\\/2026\\\/04\\\/09\\\/nairobi-le-ministre-guineen-de-lurbanisme-participe-au-2eme-forum-urbain-africain\\\/#breadcrumb\"},\"inLanguage\":\"fr-FR\",\"potentialAction\":[{\"@type\":\"ReadAction\",\"target\":[\"https:\\\/\\\/www.presseinvestigation.com\\\/index.php\\\/2026\\\/04\\\/09\\\/nairobi-le-ministre-guineen-de-lurbanisme-participe-au-2eme-forum-urbain-africain\\\/\"]}]},{\"@type\":\"ImageObject\",\"inLanguage\":\"fr-FR\",\"@id\":\"https:\\\/\\\/www.presseinvestigation.com\\\/index.php\\\/2026\\\/04\\\/09\\\/nairobi-le-ministre-guineen-de-lurbanisme-participe-au-2eme-forum-urbain-africain\\\/#primaryimage\",\"url\":\"https:\\\/\\\/www.presseinvestigation.com\\\/wp-content\\\/uploads\\\/2026\\\/04\\\/FB_IMG_1775676590584.jpg\",\"contentUrl\":\"https:\\\/\\\/www.presseinvestigation.com\\\/wp-content\\\/uploads\\\/2026\\\/04\\\/FB_IMG_1775676590584.jpg\",\"width\":1089,\"height\":1120},{\"@type\":\"BreadcrumbList\",\"@id\":\"https:\\\/\\\/www.presseinvestigation.com\\\/index.php\\\/2026\\\/04\\\/09\\\/nairobi-le-ministre-guineen-de-lurbanisme-participe-au-2eme-forum-urbain-africain\\\/#breadcrumb\",\"itemListElement\":[{\"@type\":\"ListItem\",\"position\":1,\"name\":\"Accueil\",\"item\":\"https:\\\/\\\/www.presseinvestigation.com\\\/\"},{\"@type\":\"ListItem\",\"position\":2,\"name\":\"Na\u00efrobi\u00a0: le Ministre Guin\u00e9en de l\u2019urbanisme participe au 2\u00e8me Forum Urbain Africain\"}]},{\"@type\":\"WebSite\",\"@id\":\"https:\\\/\\\/www.presseinvestigation.com\\\/#website\",\"url\":\"https:\\\/\\\/www.presseinvestigation.com\\\/\",\"name\":\"Presseinvestigation\",\"description\":\"Informer dans l&#039;impartialit\u00e9\",\"potentialAction\":[{\"@type\":\"SearchAction\",\"target\":{\"@type\":\"EntryPoint\",\"urlTemplate\":\"https:\\\/\\\/www.presseinvestigation.com\\\/?s={search_term_string}\"},\"query-input\":{\"@type\":\"PropertyValueSpecification\",\"valueRequired\":true,\"valueName\":\"search_term_string\"}}],\"inLanguage\":\"fr-FR\"},{\"@type\":\"Person\",\"@id\":\"https:\\\/\\\/www.presseinvestigation.com\\\/#\\\/schema\\\/person\\\/9eeee3740b98a364b2d60ad43edf321d\",\"name\":\"Presseinvestigation.com\",\"image\":{\"@type\":\"ImageObject\",\"inLanguage\":\"fr-FR\",\"@id\":\"https:\\\/\\\/www.presseinvestigation.com\\\/wp-content\\\/uploads\\\/2025\\\/12\\\/cropped-Logo_investigation-02-1-96x96.png\",\"url\":\"https:\\\/\\\/www.presseinvestigation.com\\\/wp-content\\\/uploads\\\/2025\\\/12\\\/cropped-Logo_investigation-02-1-96x96.png\",\"contentUrl\":\"https:\\\/\\\/www.presseinvestigation.com\\\/wp-content\\\/uploads\\\/2025\\\/12\\\/cropped-Logo_investigation-02-1-96x96.png\",\"caption\":\"Presseinvestigation.com\"},\"sameAs\":[\"https:\\\/\\\/wordpress.com\"],\"url\":\"https:\\\/\\\/www.presseinvestigation.com\\\/index.php\\\/author\\\/blog_table\\\/\"}]}<\/script>\n<!-- \/ Yoast SEO plugin. -->","yoast_head_json":{"title":"Na\u00efrobi\u00a0: le Ministre Guin\u00e9en de l\u2019urbanisme participe au 2\u00e8me Forum Urbain Africain - Presseinvestigation","robots":{"index":"index","follow":"follow","max-snippet":"max-snippet:-1","max-image-preview":"max-image-preview:large","max-video-preview":"max-video-preview:-1"},"canonical":"https:\/\/www.presseinvestigation.com\/index.php\/2026\/04\/09\/nairobi-le-ministre-guineen-de-lurbanisme-participe-au-2eme-forum-urbain-africain\/","og_locale":"fr_FR","og_type":"article","og_title":"Na\u00efrobi\u00a0: le Ministre Guin\u00e9en de l\u2019urbanisme participe au 2\u00e8me Forum Urbain Africain - Presseinvestigation","og_description":"Mohamed Lamine Sy SAVANE , Ministre de l\u2019Urbanisme, de l\u2019Habitat et de l\u2019Am\u00e9nagement du Territoire, participe au deuxi\u00e8me Forum Urbain Africain qui se tient du 08 au 10 avril\u00a0 \u00e0 Na\u00efrobi, la capitale du kenya. Il s&#8217;est exprim\u00e9 \u00e0 la c\u00e9r\u00e9monie du lancement de l&#8217;\u00e9v\u00e8nement . \u00ab Ce forum qui regroupe des gouvernements, des experts [&hellip;]","og_url":"https:\/\/www.presseinvestigation.com\/index.php\/2026\/04\/09\/nairobi-le-ministre-guineen-de-lurbanisme-participe-au-2eme-forum-urbain-africain\/","og_site_name":"Presseinvestigation","article_published_time":"2026-04-09T00:35:02+00:00","og_image":[{"width":1089,"height":1120,"url":"https:\/\/www.presseinvestigation.com\/wp-content\/uploads\/2026\/04\/FB_IMG_1775676590584.jpg","type":"image\/jpeg"}],"author":"Presseinvestigation.com","twitter_card":"summary_large_image","twitter_misc":{"\u00c9crit par":"Presseinvestigation.com","Dur\u00e9e de lecture estim\u00e9e":"1 minute"},"schema":{"@context":"https:\/\/schema.org","@graph":[{"@type":"Article","@id":"https:\/\/www.presseinvestigation.com\/index.php\/2026\/04\/09\/nairobi-le-ministre-guineen-de-lurbanisme-participe-au-2eme-forum-urbain-africain\/#article","isPartOf":{"@id":"https:\/\/www.presseinvestigation.com\/index.php\/2026\/04\/09\/nairobi-le-ministre-guineen-de-lurbanisme-participe-au-2eme-forum-urbain-africain\/"},"author":{"name":"Presseinvestigation.com","@id":"https:\/\/www.presseinvestigation.com\/#\/schema\/person\/9eeee3740b98a364b2d60ad43edf321d"},"headline":"Na\u00efrobi\u00a0: le Ministre Guin\u00e9en de l\u2019urbanisme participe au 2\u00e8me Forum Urbain Africain","datePublished":"2026-04-09T00:35:02+00:00","mainEntityOfPage":{"@id":"https:\/\/www.presseinvestigation.com\/index.php\/2026\/04\/09\/nairobi-le-ministre-guineen-de-lurbanisme-participe-au-2eme-forum-urbain-africain\/"},"wordCount":245,"commentCount":0,"image":{"@id":"https:\/\/www.presseinvestigation.com\/index.php\/2026\/04\/09\/nairobi-le-ministre-guineen-de-lurbanisme-participe-au-2eme-forum-urbain-africain\/#primaryimage"},"thumbnailUrl":"https:\/\/www.presseinvestigation.com\/wp-content\/uploads\/2026\/04\/FB_IMG_1775676590584.jpg","articleSection":["Actualit\u00e9"],"inLanguage":"fr-FR","potentialAction":[{"@type":"CommentAction","name":"Comment","target":["https:\/\/www.presseinvestigation.com\/index.php\/2026\/04\/09\/nairobi-le-ministre-guineen-de-lurbanisme-participe-au-2eme-forum-urbain-africain\/#respond"]}]},{"@type":"WebPage","@id":"https:\/\/www.presseinvestigation.com\/index.php\/2026\/04\/09\/nairobi-le-ministre-guineen-de-lurbanisme-participe-au-2eme-forum-urbain-africain\/","url":"https:\/\/www.presseinvestigation.com\/index.php\/2026\/04\/09\/nairobi-le-ministre-guineen-de-lurbanisme-participe-au-2eme-forum-urbain-africain\/","name":"Na\u00efrobi\u00a0: le Ministre Guin\u00e9en de l\u2019urbanisme participe au 2\u00e8me Forum Urbain Africain - Presseinvestigation","isPartOf":{"@id":"https:\/\/www.presseinvestigation.com\/#website"},"primaryImageOfPage":{"@id":"https:\/\/www.presseinvestigation.com\/index.php\/2026\/04\/09\/nairobi-le-ministre-guineen-de-lurbanisme-participe-au-2eme-forum-urbain-africain\/#primaryimage"},"image":{"@id":"https:\/\/www.presseinvestigation.com\/index.php\/2026\/04\/09\/nairobi-le-ministre-guineen-de-lurbanisme-participe-au-2eme-forum-urbain-africain\/#primaryimage"},"thumbnailUrl":"https:\/\/www.presseinvestigation.com\/wp-content\/uploads\/2026\/04\/FB_IMG_1775676590584.jpg","datePublished":"2026-04-09T00:35:02+00:00","author":{"@id":"https:\/\/www.presseinvestigation.com\/#\/schema\/person\/9eeee3740b98a364b2d60ad43edf321d"},"breadcrumb":{"@id":"https:\/\/www.presseinvestigation.com\/index.php\/2026\/04\/09\/nairobi-le-ministre-guineen-de-lurbanisme-participe-au-2eme-forum-urbain-africain\/#breadcrumb"},"inLanguage":"fr-FR","potentialAction":[{"@type":"ReadAction","target":["https:\/\/www.presseinvestigation.com\/index.php\/2026\/04\/09\/nairobi-le-ministre-guineen-de-lurbanisme-participe-au-2eme-forum-urbain-africain\/"]}]},{"@type":"ImageObject","inLanguage":"fr-FR","@id":"https:\/\/www.presseinvestigation.com\/index.php\/2026\/04\/09\/nairobi-le-ministre-guineen-de-lurbanisme-participe-au-2eme-forum-urbain-africain\/#primaryimage","url":"https:\/\/www.presseinvestigation.com\/wp-content\/uploads\/2026\/04\/FB_IMG_1775676590584.jpg","contentUrl":"https:\/\/www.presseinvestigation.com\/wp-content\/uploads\/2026\/04\/FB_IMG_1775676590584.jpg","width":1089,"height":1120},{"@type":"BreadcrumbList","@id":"https:\/\/www.presseinvestigation.com\/index.php\/2026\/04\/09\/nairobi-le-ministre-guineen-de-lurbanisme-participe-au-2eme-forum-urbain-africain\/#breadcrumb","itemListElement":[{"@type":"ListItem","position":1,"name":"Accueil","item":"https:\/\/www.presseinvestigation.com\/"},{"@type":"ListItem","position":2,"name":"Na\u00efrobi\u00a0: le Ministre Guin\u00e9en de l\u2019urbanisme participe au 2\u00e8me Forum Urbain Africain"}]},{"@type":"WebSite","@id":"https:\/\/www.presseinvestigation.com\/#website","url":"https:\/\/www.presseinvestigation.com\/","name":"Presseinvestigation","description":"Informer dans l&#039;impartialit\u00e9","potentialAction":[{"@type":"SearchAction","target":{"@type":"EntryPoint","urlTemplate":"https:\/\/www.presseinvestigation.com\/?s={search_term_string}"},"query-input":{"@type":"PropertyValueSpecification","valueRequired":true,"valueName":"search_term_string"}}],"inLanguage":"fr-FR"},{"@type":"Person","@id":"https:\/\/www.presseinvestigation.com\/#\/schema\/person\/9eeee3740b98a364b2d60ad43edf321d","name":"Presseinvestigation.com","image":{"@type":"ImageObject","inLanguage":"fr-FR","@id":"https:\/\/www.presseinvestigation.com\/wp-content\/uploads\/2025\/12\/cropped-Logo_investigation-02-1-96x96.png","url":"https:\/\/www.presseinvestigation.com\/wp-content\/uploads\/2025\/12\/cropped-Logo_investigation-02-1-96x96.png","contentUrl":"https:\/\/www.presseinvestigation.com\/wp-content\/uploads\/2025\/12\/cropped-Logo_investigation-02-1-96x96.png","caption":"Presseinvestigation.com"},"sameAs":["https:\/\/wordpress.com"],"url":"https:\/\/www.presseinvestigation.com\/index.php\/author\/blog_table\/"}]}},"_links":{"self":[{"href":"https:\/\/www.presseinvestigation.com\/index.php\/wp-json\/wp\/v2\/posts\/9888","targetHints":{"allow":["GET"]}}],"collection":[{"href":"https:\/\/www.presseinvestigation.com\/index.php\/wp-json\/wp\/v2\/posts"}],"about":[{"href":"https:\/\/www.presseinvestigation.com\/index.php\/wp-json\/wp\/v2\/types\/post"}],"author":[{"embeddable":true,"href":"https:\/\/www.presseinvestigation.com\/index.php\/wp-json\/wp\/v2\/users\/3"}],"replies":[{"embeddable":true,"href":"https:\/\/www.presseinvestigation.com\/index.php\/wp-json\/wp\/v2\/comments?post=9888"}],"version-history":[{"count":1,"href":"https:\/\/www.presseinvestigation.com\/index.php\/wp-json\/wp\/v2\/posts\/9888\/revisions"}],"predecessor-version":[{"id":9889,"href":"https:\/\/www.presseinvestigation.com\/index.php\/wp-json\/wp\/v2\/posts\/9888\/revisions\/9889"}],"wp:featuredmedia":[{"embeddable":true,"href":"https:\/\/www.presseinvestigation.com\/index.php\/wp-json\/wp\/v2\/media\/9885"}],"wp:attachment":[{"href":"https:\/\/www.presseinvestigation.com\/index.php\/wp-json\/wp\/v2\/media?parent=9888"}],"wp:term":[{"taxonomy":"category","embeddable":true,"href":"https:\/\/www.presseinvestigation.com\/index.php\/wp-json\/wp\/v2\/categories?post=9888"},{"taxonomy":"post_tag","embeddable":true,"href":"https:\/\/www.presseinvestigation.com\/index.php\/wp-json\/wp\/v2\/tags?post=9888"}],"curies":[{"name":"wp","href":"https:\/\/api.w.org\/{rel}","templated":true}]}}