{"id":9891,"date":"2026-04-09T02:56:47","date_gmt":"2026-04-09T00:56:47","guid":{"rendered":"https:\/\/www.presseinvestigation.com\/index.php\/2026\/04\/09\/communique-de-presse-un-groupe-juridique-regional-condamne-lagression-dun-de-ses-membres-par-la-police-sierra-leonaise\/"},"modified":"2026-04-09T02:56:47","modified_gmt":"2026-04-09T00:56:47","slug":"communique-de-presse-un-groupe-juridique-regional-condamne-lagression-dun-de-ses-membres-par-la-police-sierra-leonaise","status":"publish","type":"post","link":"https:\/\/www.presseinvestigation.com\/index.php\/2026\/04\/09\/communique-de-presse-un-groupe-juridique-regional-condamne-lagression-dun-de-ses-membres-par-la-police-sierra-leonaise\/","title":{"rendered":"COMMUNIQU\u00c9 DE PRESSE : Un groupe juridique r\u00e9gional condamne l&#8217;agression d&#8217;un de ses membres par la police sierra-l\u00e9onaise"},"content":{"rendered":"<p><strong>Le R\u00e9seau ouest-africain des activistes et des avocats de la d\u00e9fense des m\u00e9dias (WANAMDEL), un r\u00e9seau d&#8217;avocats de premier plan sp\u00e9cialis\u00e9s dans la libert\u00e9 de la presse et les droits de l&#8217;homme en Afrique de l&#8217;Ouest, condamne fermement l&#8217;agression dont notre coll\u00e8gue, Paul Kamara Esq., a \u00e9t\u00e9 victime de la part de policiers en Sierra Leone.<\/strong><\/p>\n<p>L&#8217;incident s&#8217;est produit le 4 avril 2026 au poste de police d&#8217;Adonkia \u00e0 Freetown, o\u00f9 Kamara s&#8217;\u00e9tait rendu pour faire le point sur l&#8217;enqu\u00eate concernant la mort de son coll\u00e8gue, Augustine Sensie Bangura.<\/p>\n<p>\u00a0<\/p>\n<p>Apr\u00e8s avoir discut\u00e9 avec les agents du d\u00e9partement des enqu\u00eates criminelles du commissariat et s&#8217;\u00eatre joint aux personnes venues pr\u00e9senter leurs condol\u00e9ances \u00e0 la famille endeuill\u00e9e dans l&#8217;enceinte du commissariat, il a \u00e9t\u00e9 t\u00e9moin d&#8217;une altercation entre un policier et un membre du public.<\/p>\n<p>\u00a0<\/p>\n<p>Dans une tentative de d\u00e9samorcer les tensions entre les parties, Kamara a \u00e9t\u00e9 rencontr\u00e9 \u00e0 la place<\/p>\n<p>avec l&#8217;agressivit\u00e9 d&#8217;un policier. Il a \u00e9t\u00e9 agress\u00e9 physiquement, ma\u00eetris\u00e9 et<\/p>\n<p>Il a \u00e9t\u00e9 asperg\u00e9 de gaz poivr\u00e9 par un autre agent, bien que celui-ci se soit identifi\u00e9 comme avocat et journaliste.<\/p>\n<p><strong><em>Fondation des m\u00e9dias pour l&#8217;Afrique de l&#8217;Ouest<\/em><\/strong><\/p>\n<p>\u00a0<\/p>\n","protected":false},"excerpt":{"rendered":"<p>Le R\u00e9seau ouest-africain des activistes et des avocats de la d\u00e9fense des m\u00e9dias (WANAMDEL), un r\u00e9seau d&#8217;avocats de premier plan sp\u00e9cialis\u00e9s dans la libert\u00e9 de la presse et les droits de l&#8217;homme en Afrique de l&#8217;Ouest, condamne fermement l&#8217;agression dont notre coll\u00e8gue, Paul Kamara Esq., a \u00e9t\u00e9 victime de la part de policiers en Sierra [&hellip;]<\/p>\n","protected":false},"author":3,"featured_media":9890,"comment_status":"open","ping_status":"open","sticky":false,"template":"","format":"standard","meta":{"jnews-multi-image_gallery":[],"jnews_single_post":[],"jnews_primary_category":[],"footnotes":""},"categories":[4],"tags":[],"class_list":["post-9891","post","type-post","status-publish","format-standard","has-post-thumbnail","hentry","category-afrique"],"yoast_head":"<!-- This site is optimized with the Yoast SEO plugin v27.3 - https:\/\/yoast.com\/product\/yoast-seo-wordpress\/ -->\n<title>COMMUNIQU\u00c9 DE PRESSE : Un groupe juridique r\u00e9gional condamne l&#039;agression d&#039;un de ses membres par la police sierra-l\u00e9onaise - Presseinvestigation<\/title>\n<meta name=\"robots\" content=\"index, follow, max-snippet:-1, max-image-preview:large, max-video-preview:-1\" \/>\n<link rel=\"canonical\" href=\"https:\/\/www.presseinvestigation.com\/index.php\/2026\/04\/09\/communique-de-presse-un-groupe-juridique-regional-condamne-lagression-dun-de-ses-membres-par-la-police-sierra-leonaise\/\" \/>\n<meta property=\"og:locale\" content=\"fr_FR\" \/>\n<meta property=\"og:type\" content=\"article\" \/>\n<meta property=\"og:title\" content=\"COMMUNIQU\u00c9 DE PRESSE : Un groupe juridique r\u00e9gional condamne l&#039;agression d&#039;un de ses membres par la police sierra-l\u00e9onaise - Presseinvestigation\" \/>\n<meta property=\"og:description\" content=\"Le R\u00e9seau ouest-africain des activistes et des avocats de la d\u00e9fense des m\u00e9dias (WANAMDEL), un r\u00e9seau d&#8217;avocats de premier plan sp\u00e9cialis\u00e9s dans la libert\u00e9 de la presse et les droits de l&#8217;homme en Afrique de l&#8217;Ouest, condamne fermement l&#8217;agression dont notre coll\u00e8gue, Paul Kamara Esq., a \u00e9t\u00e9 victime de la part de policiers en Sierra [&hellip;]\" \/>\n<meta property=\"og:url\" content=\"https:\/\/www.presseinvestigation.com\/index.php\/2026\/04\/09\/communique-de-presse-un-groupe-juridique-regional-condamne-lagression-dun-de-ses-membres-par-la-police-sierra-leonaise\/\" \/>\n<meta property=\"og:site_name\" content=\"Presseinvestigation\" \/>\n<meta property=\"article:published_time\" content=\"2026-04-09T00:56:47+00:00\" \/>\n<meta property=\"og:image\" content=\"https:\/\/www.presseinvestigation.com\/wp-content\/uploads\/2026\/04\/unnamed.png\" \/>\n\t<meta property=\"og:image:width\" content=\"1369\" \/>\n\t<meta property=\"og:image:height\" content=\"1134\" \/>\n\t<meta property=\"og:image:type\" content=\"image\/png\" \/>\n<meta name=\"author\" content=\"Presseinvestigation.com\" \/>\n<meta name=\"twitter:card\" content=\"summary_large_image\" \/>\n<meta name=\"twitter:label1\" content=\"\u00c9crit par\" \/>\n\t<meta name=\"twitter:data1\" content=\"Presseinvestigation.com\" \/>\n\t<meta name=\"twitter:label2\" content=\"Dur\u00e9e de lecture estim\u00e9e\" \/>\n\t<meta name=\"twitter:data2\" content=\"1 minute\" \/>\n<script type=\"application\/ld+json\" class=\"yoast-schema-graph\">{\"@context\":\"https:\\\/\\\/schema.org\",\"@graph\":[{\"@type\":\"Article\",\"@id\":\"https:\\\/\\\/www.presseinvestigation.com\\\/index.php\\\/2026\\\/04\\\/09\\\/communique-de-presse-un-groupe-juridique-regional-condamne-lagression-dun-de-ses-membres-par-la-police-sierra-leonaise\\\/#article\",\"isPartOf\":{\"@id\":\"https:\\\/\\\/www.presseinvestigation.com\\\/index.php\\\/2026\\\/04\\\/09\\\/communique-de-presse-un-groupe-juridique-regional-condamne-lagression-dun-de-ses-membres-par-la-police-sierra-leonaise\\\/\"},\"author\":{\"name\":\"Presseinvestigation.com\",\"@id\":\"https:\\\/\\\/www.presseinvestigation.com\\\/#\\\/schema\\\/person\\\/9eeee3740b98a364b2d60ad43edf321d\"},\"headline\":\"COMMUNIQU\u00c9 DE PRESSE : Un groupe juridique r\u00e9gional condamne l&#8217;agression d&#8217;un de ses membres par la police sierra-l\u00e9onaise\",\"datePublished\":\"2026-04-09T00:56:47+00:00\",\"mainEntityOfPage\":{\"@id\":\"https:\\\/\\\/www.presseinvestigation.com\\\/index.php\\\/2026\\\/04\\\/09\\\/communique-de-presse-un-groupe-juridique-regional-condamne-lagression-dun-de-ses-membres-par-la-police-sierra-leonaise\\\/\"},\"wordCount\":240,\"commentCount\":0,\"image\":{\"@id\":\"https:\\\/\\\/www.presseinvestigation.com\\\/index.php\\\/2026\\\/04\\\/09\\\/communique-de-presse-un-groupe-juridique-regional-condamne-lagression-dun-de-ses-membres-par-la-police-sierra-leonaise\\\/#primaryimage\"},\"thumbnailUrl\":\"https:\\\/\\\/www.presseinvestigation.com\\\/wp-content\\\/uploads\\\/2026\\\/04\\\/unnamed.png\",\"articleSection\":[\"Afrique\"],\"inLanguage\":\"fr-FR\",\"potentialAction\":[{\"@type\":\"CommentAction\",\"name\":\"Comment\",\"target\":[\"https:\\\/\\\/www.presseinvestigation.com\\\/index.php\\\/2026\\\/04\\\/09\\\/communique-de-presse-un-groupe-juridique-regional-condamne-lagression-dun-de-ses-membres-par-la-police-sierra-leonaise\\\/#respond\"]}]},{\"@type\":\"WebPage\",\"@id\":\"https:\\\/\\\/www.presseinvestigation.com\\\/index.php\\\/2026\\\/04\\\/09\\\/communique-de-presse-un-groupe-juridique-regional-condamne-lagression-dun-de-ses-membres-par-la-police-sierra-leonaise\\\/\",\"url\":\"https:\\\/\\\/www.presseinvestigation.com\\\/index.php\\\/2026\\\/04\\\/09\\\/communique-de-presse-un-groupe-juridique-regional-condamne-lagression-dun-de-ses-membres-par-la-police-sierra-leonaise\\\/\",\"name\":\"COMMUNIQU\u00c9 DE PRESSE : Un groupe juridique r\u00e9gional condamne l'agression d'un de ses membres par la police sierra-l\u00e9onaise - Presseinvestigation\",\"isPartOf\":{\"@id\":\"https:\\\/\\\/www.presseinvestigation.com\\\/#website\"},\"primaryImageOfPage\":{\"@id\":\"https:\\\/\\\/www.presseinvestigation.com\\\/index.php\\\/2026\\\/04\\\/09\\\/communique-de-presse-un-groupe-juridique-regional-condamne-lagression-dun-de-ses-membres-par-la-police-sierra-leonaise\\\/#primaryimage\"},\"image\":{\"@id\":\"https:\\\/\\\/www.presseinvestigation.com\\\/index.php\\\/2026\\\/04\\\/09\\\/communique-de-presse-un-groupe-juridique-regional-condamne-lagression-dun-de-ses-membres-par-la-police-sierra-leonaise\\\/#primaryimage\"},\"thumbnailUrl\":\"https:\\\/\\\/www.presseinvestigation.com\\\/wp-content\\\/uploads\\\/2026\\\/04\\\/unnamed.png\",\"datePublished\":\"2026-04-09T00:56:47+00:00\",\"author\":{\"@id\":\"https:\\\/\\\/www.presseinvestigation.com\\\/#\\\/schema\\\/person\\\/9eeee3740b98a364b2d60ad43edf321d\"},\"breadcrumb\":{\"@id\":\"https:\\\/\\\/www.presseinvestigation.com\\\/index.php\\\/2026\\\/04\\\/09\\\/communique-de-presse-un-groupe-juridique-regional-condamne-lagression-dun-de-ses-membres-par-la-police-sierra-leonaise\\\/#breadcrumb\"},\"inLanguage\":\"fr-FR\",\"potentialAction\":[{\"@type\":\"ReadAction\",\"target\":[\"https:\\\/\\\/www.presseinvestigation.com\\\/index.php\\\/2026\\\/04\\\/09\\\/communique-de-presse-un-groupe-juridique-regional-condamne-lagression-dun-de-ses-membres-par-la-police-sierra-leonaise\\\/\"]}]},{\"@type\":\"ImageObject\",\"inLanguage\":\"fr-FR\",\"@id\":\"https:\\\/\\\/www.presseinvestigation.com\\\/index.php\\\/2026\\\/04\\\/09\\\/communique-de-presse-un-groupe-juridique-regional-condamne-lagression-dun-de-ses-membres-par-la-police-sierra-leonaise\\\/#primaryimage\",\"url\":\"https:\\\/\\\/www.presseinvestigation.com\\\/wp-content\\\/uploads\\\/2026\\\/04\\\/unnamed.png\",\"contentUrl\":\"https:\\\/\\\/www.presseinvestigation.com\\\/wp-content\\\/uploads\\\/2026\\\/04\\\/unnamed.png\",\"width\":1369,\"height\":1134},{\"@type\":\"BreadcrumbList\",\"@id\":\"https:\\\/\\\/www.presseinvestigation.com\\\/index.php\\\/2026\\\/04\\\/09\\\/communique-de-presse-un-groupe-juridique-regional-condamne-lagression-dun-de-ses-membres-par-la-police-sierra-leonaise\\\/#breadcrumb\",\"itemListElement\":[{\"@type\":\"ListItem\",\"position\":1,\"name\":\"Accueil\",\"item\":\"https:\\\/\\\/www.presseinvestigation.com\\\/\"},{\"@type\":\"ListItem\",\"position\":2,\"name\":\"COMMUNIQU\u00c9 DE PRESSE : Un groupe juridique r\u00e9gional condamne l&#8217;agression d&#8217;un de ses membres par la police sierra-l\u00e9onaise\"}]},{\"@type\":\"WebSite\",\"@id\":\"https:\\\/\\\/www.presseinvestigation.com\\\/#website\",\"url\":\"https:\\\/\\\/www.presseinvestigation.com\\\/\",\"name\":\"Presseinvestigation\",\"description\":\"Informer dans l&#039;impartialit\u00e9\",\"potentialAction\":[{\"@type\":\"SearchAction\",\"target\":{\"@type\":\"EntryPoint\",\"urlTemplate\":\"https:\\\/\\\/www.presseinvestigation.com\\\/?s={search_term_string}\"},\"query-input\":{\"@type\":\"PropertyValueSpecification\",\"valueRequired\":true,\"valueName\":\"search_term_string\"}}],\"inLanguage\":\"fr-FR\"},{\"@type\":\"Person\",\"@id\":\"https:\\\/\\\/www.presseinvestigation.com\\\/#\\\/schema\\\/person\\\/9eeee3740b98a364b2d60ad43edf321d\",\"name\":\"Presseinvestigation.com\",\"image\":{\"@type\":\"ImageObject\",\"inLanguage\":\"fr-FR\",\"@id\":\"https:\\\/\\\/www.presseinvestigation.com\\\/wp-content\\\/uploads\\\/2025\\\/12\\\/cropped-Logo_investigation-02-1-96x96.png\",\"url\":\"https:\\\/\\\/www.presseinvestigation.com\\\/wp-content\\\/uploads\\\/2025\\\/12\\\/cropped-Logo_investigation-02-1-96x96.png\",\"contentUrl\":\"https:\\\/\\\/www.presseinvestigation.com\\\/wp-content\\\/uploads\\\/2025\\\/12\\\/cropped-Logo_investigation-02-1-96x96.png\",\"caption\":\"Presseinvestigation.com\"},\"sameAs\":[\"https:\\\/\\\/wordpress.com\"],\"url\":\"https:\\\/\\\/www.presseinvestigation.com\\\/index.php\\\/author\\\/blog_table\\\/\"}]}<\/script>\n<!-- \/ Yoast SEO plugin. -->","yoast_head_json":{"title":"COMMUNIQU\u00c9 DE PRESSE : Un groupe juridique r\u00e9gional condamne l'agression d'un de ses membres par la police sierra-l\u00e9onaise - Presseinvestigation","robots":{"index":"index","follow":"follow","max-snippet":"max-snippet:-1","max-image-preview":"max-image-preview:large","max-video-preview":"max-video-preview:-1"},"canonical":"https:\/\/www.presseinvestigation.com\/index.php\/2026\/04\/09\/communique-de-presse-un-groupe-juridique-regional-condamne-lagression-dun-de-ses-membres-par-la-police-sierra-leonaise\/","og_locale":"fr_FR","og_type":"article","og_title":"COMMUNIQU\u00c9 DE PRESSE : Un groupe juridique r\u00e9gional condamne l'agression d'un de ses membres par la police sierra-l\u00e9onaise - Presseinvestigation","og_description":"Le R\u00e9seau ouest-africain des activistes et des avocats de la d\u00e9fense des m\u00e9dias (WANAMDEL), un r\u00e9seau d&#8217;avocats de premier plan sp\u00e9cialis\u00e9s dans la libert\u00e9 de la presse et les droits de l&#8217;homme en Afrique de l&#8217;Ouest, condamne fermement l&#8217;agression dont notre coll\u00e8gue, Paul Kamara Esq., a \u00e9t\u00e9 victime de la part de policiers en Sierra [&hellip;]","og_url":"https:\/\/www.presseinvestigation.com\/index.php\/2026\/04\/09\/communique-de-presse-un-groupe-juridique-regional-condamne-lagression-dun-de-ses-membres-par-la-police-sierra-leonaise\/","og_site_name":"Presseinvestigation","article_published_time":"2026-04-09T00:56:47+00:00","og_image":[{"width":1369,"height":1134,"url":"https:\/\/www.presseinvestigation.com\/wp-content\/uploads\/2026\/04\/unnamed.png","type":"image\/png"}],"author":"Presseinvestigation.com","twitter_card":"summary_large_image","twitter_misc":{"\u00c9crit par":"Presseinvestigation.com","Dur\u00e9e de lecture estim\u00e9e":"1 minute"},"schema":{"@context":"https:\/\/schema.org","@graph":[{"@type":"Article","@id":"https:\/\/www.presseinvestigation.com\/index.php\/2026\/04\/09\/communique-de-presse-un-groupe-juridique-regional-condamne-lagression-dun-de-ses-membres-par-la-police-sierra-leonaise\/#article","isPartOf":{"@id":"https:\/\/www.presseinvestigation.com\/index.php\/2026\/04\/09\/communique-de-presse-un-groupe-juridique-regional-condamne-lagression-dun-de-ses-membres-par-la-police-sierra-leonaise\/"},"author":{"name":"Presseinvestigation.com","@id":"https:\/\/www.presseinvestigation.com\/#\/schema\/person\/9eeee3740b98a364b2d60ad43edf321d"},"headline":"COMMUNIQU\u00c9 DE PRESSE : Un groupe juridique r\u00e9gional condamne l&#8217;agression d&#8217;un de ses membres par la police sierra-l\u00e9onaise","datePublished":"2026-04-09T00:56:47+00:00","mainEntityOfPage":{"@id":"https:\/\/www.presseinvestigation.com\/index.php\/2026\/04\/09\/communique-de-presse-un-groupe-juridique-regional-condamne-lagression-dun-de-ses-membres-par-la-police-sierra-leonaise\/"},"wordCount":240,"commentCount":0,"image":{"@id":"https:\/\/www.presseinvestigation.com\/index.php\/2026\/04\/09\/communique-de-presse-un-groupe-juridique-regional-condamne-lagression-dun-de-ses-membres-par-la-police-sierra-leonaise\/#primaryimage"},"thumbnailUrl":"https:\/\/www.presseinvestigation.com\/wp-content\/uploads\/2026\/04\/unnamed.png","articleSection":["Afrique"],"inLanguage":"fr-FR","potentialAction":[{"@type":"CommentAction","name":"Comment","target":["https:\/\/www.presseinvestigation.com\/index.php\/2026\/04\/09\/communique-de-presse-un-groupe-juridique-regional-condamne-lagression-dun-de-ses-membres-par-la-police-sierra-leonaise\/#respond"]}]},{"@type":"WebPage","@id":"https:\/\/www.presseinvestigation.com\/index.php\/2026\/04\/09\/communique-de-presse-un-groupe-juridique-regional-condamne-lagression-dun-de-ses-membres-par-la-police-sierra-leonaise\/","url":"https:\/\/www.presseinvestigation.com\/index.php\/2026\/04\/09\/communique-de-presse-un-groupe-juridique-regional-condamne-lagression-dun-de-ses-membres-par-la-police-sierra-leonaise\/","name":"COMMUNIQU\u00c9 DE PRESSE : Un groupe juridique r\u00e9gional condamne l'agression d'un de ses membres par la police sierra-l\u00e9onaise - Presseinvestigation","isPartOf":{"@id":"https:\/\/www.presseinvestigation.com\/#website"},"primaryImageOfPage":{"@id":"https:\/\/www.presseinvestigation.com\/index.php\/2026\/04\/09\/communique-de-presse-un-groupe-juridique-regional-condamne-lagression-dun-de-ses-membres-par-la-police-sierra-leonaise\/#primaryimage"},"image":{"@id":"https:\/\/www.presseinvestigation.com\/index.php\/2026\/04\/09\/communique-de-presse-un-groupe-juridique-regional-condamne-lagression-dun-de-ses-membres-par-la-police-sierra-leonaise\/#primaryimage"},"thumbnailUrl":"https:\/\/www.presseinvestigation.com\/wp-content\/uploads\/2026\/04\/unnamed.png","datePublished":"2026-04-09T00:56:47+00:00","author":{"@id":"https:\/\/www.presseinvestigation.com\/#\/schema\/person\/9eeee3740b98a364b2d60ad43edf321d"},"breadcrumb":{"@id":"https:\/\/www.presseinvestigation.com\/index.php\/2026\/04\/09\/communique-de-presse-un-groupe-juridique-regional-condamne-lagression-dun-de-ses-membres-par-la-police-sierra-leonaise\/#breadcrumb"},"inLanguage":"fr-FR","potentialAction":[{"@type":"ReadAction","target":["https:\/\/www.presseinvestigation.com\/index.php\/2026\/04\/09\/communique-de-presse-un-groupe-juridique-regional-condamne-lagression-dun-de-ses-membres-par-la-police-sierra-leonaise\/"]}]},{"@type":"ImageObject","inLanguage":"fr-FR","@id":"https:\/\/www.presseinvestigation.com\/index.php\/2026\/04\/09\/communique-de-presse-un-groupe-juridique-regional-condamne-lagression-dun-de-ses-membres-par-la-police-sierra-leonaise\/#primaryimage","url":"https:\/\/www.presseinvestigation.com\/wp-content\/uploads\/2026\/04\/unnamed.png","contentUrl":"https:\/\/www.presseinvestigation.com\/wp-content\/uploads\/2026\/04\/unnamed.png","width":1369,"height":1134},{"@type":"BreadcrumbList","@id":"https:\/\/www.presseinvestigation.com\/index.php\/2026\/04\/09\/communique-de-presse-un-groupe-juridique-regional-condamne-lagression-dun-de-ses-membres-par-la-police-sierra-leonaise\/#breadcrumb","itemListElement":[{"@type":"ListItem","position":1,"name":"Accueil","item":"https:\/\/www.presseinvestigation.com\/"},{"@type":"ListItem","position":2,"name":"COMMUNIQU\u00c9 DE PRESSE : Un groupe juridique r\u00e9gional condamne l&#8217;agression d&#8217;un de ses membres par la police sierra-l\u00e9onaise"}]},{"@type":"WebSite","@id":"https:\/\/www.presseinvestigation.com\/#website","url":"https:\/\/www.presseinvestigation.com\/","name":"Presseinvestigation","description":"Informer dans l&#039;impartialit\u00e9","potentialAction":[{"@type":"SearchAction","target":{"@type":"EntryPoint","urlTemplate":"https:\/\/www.presseinvestigation.com\/?s={search_term_string}"},"query-input":{"@type":"PropertyValueSpecification","valueRequired":true,"valueName":"search_term_string"}}],"inLanguage":"fr-FR"},{"@type":"Person","@id":"https:\/\/www.presseinvestigation.com\/#\/schema\/person\/9eeee3740b98a364b2d60ad43edf321d","name":"Presseinvestigation.com","image":{"@type":"ImageObject","inLanguage":"fr-FR","@id":"https:\/\/www.presseinvestigation.com\/wp-content\/uploads\/2025\/12\/cropped-Logo_investigation-02-1-96x96.png","url":"https:\/\/www.presseinvestigation.com\/wp-content\/uploads\/2025\/12\/cropped-Logo_investigation-02-1-96x96.png","contentUrl":"https:\/\/www.presseinvestigation.com\/wp-content\/uploads\/2025\/12\/cropped-Logo_investigation-02-1-96x96.png","caption":"Presseinvestigation.com"},"sameAs":["https:\/\/wordpress.com"],"url":"https:\/\/www.presseinvestigation.com\/index.php\/author\/blog_table\/"}]}},"_links":{"self":[{"href":"https:\/\/www.presseinvestigation.com\/index.php\/wp-json\/wp\/v2\/posts\/9891","targetHints":{"allow":["GET"]}}],"collection":[{"href":"https:\/\/www.presseinvestigation.com\/index.php\/wp-json\/wp\/v2\/posts"}],"about":[{"href":"https:\/\/www.presseinvestigation.com\/index.php\/wp-json\/wp\/v2\/types\/post"}],"author":[{"embeddable":true,"href":"https:\/\/www.presseinvestigation.com\/index.php\/wp-json\/wp\/v2\/users\/3"}],"replies":[{"embeddable":true,"href":"https:\/\/www.presseinvestigation.com\/index.php\/wp-json\/wp\/v2\/comments?post=9891"}],"version-history":[{"count":1,"href":"https:\/\/www.presseinvestigation.com\/index.php\/wp-json\/wp\/v2\/posts\/9891\/revisions"}],"predecessor-version":[{"id":9892,"href":"https:\/\/www.presseinvestigation.com\/index.php\/wp-json\/wp\/v2\/posts\/9891\/revisions\/9892"}],"wp:featuredmedia":[{"embeddable":true,"href":"https:\/\/www.presseinvestigation.com\/index.php\/wp-json\/wp\/v2\/media\/9890"}],"wp:attachment":[{"href":"https:\/\/www.presseinvestigation.com\/index.php\/wp-json\/wp\/v2\/media?parent=9891"}],"wp:term":[{"taxonomy":"category","embeddable":true,"href":"https:\/\/www.presseinvestigation.com\/index.php\/wp-json\/wp\/v2\/categories?post=9891"},{"taxonomy":"post_tag","embeddable":true,"href":"https:\/\/www.presseinvestigation.com\/index.php\/wp-json\/wp\/v2\/tags?post=9891"}],"curies":[{"name":"wp","href":"https:\/\/api.w.org\/{rel}","templated":true}]}}