{"id":9894,"date":"2026-04-24T15:49:25","date_gmt":"2026-04-24T13:49:25","guid":{"rendered":"https:\/\/www.presseinvestigation.com\/index.php\/2026\/04\/24\/delation-a-lanaim-le-dg-doit-eviter-le-piege-des-mauvaises-personnes-dans-son-entourage\/"},"modified":"2026-04-27T02:38:08","modified_gmt":"2026-04-27T00:38:08","slug":"delation-a-lanaim-le-dg-doit-eviter-le-piege-des-mauvaises-personnes-dans-son-entourage","status":"publish","type":"post","link":"https:\/\/www.presseinvestigation.com\/index.php\/2026\/04\/24\/delation-a-lanaim-le-dg-doit-eviter-le-piege-des-mauvaises-personnes-dans-son-entourage\/","title":{"rendered":"D\u00e9lation \u00e0 l\u2019ANAIM\u00a0: le DG doit \u00e9viter le pi\u00e8ge des mauvaises personnes dans son entourage"},"content":{"rendered":"<p>La collaboration m\u00e9diatique avec l\u2019Agence Nationale d\u2019Am\u00e9nagement des Infrastructures Mini\u00e8res(ANAIM) n&#8217;est pas synonyme de restriction de l&#8217;informartion. En dehors de la communication que la presse fait pour cette soci\u00e9t\u00e9 d\u2019Etat, les journalistes doivent\u00a0 la tenir \u00e0 l&#8217;oeil et ralayer, les failles administratives dans la gestion, afin de les corriger pour l\u2019int\u00e9r\u00eat g\u00e9n\u00e9ral.<\/p>\n<p>En journaliste ind\u00e9pendant qui observe l\u2019ANAIM depuis sous le r\u00e9gime pr\u00e9c\u00e9dant, il est temps de tirer la sonnette d&#8217;alarme,sur la pratique de d\u00e9lation qui est en train de perdurer avec des cons\u00e9quences n\u00e9fastes pour la bonne gouvernance.<\/p>\n<p>Au cours de la derni\u00e8re d\u00e9cenie,les Directeurs G\u00e9n\u00e9raux qui se sont succ\u00e9d\u00e9s, tous,ont \u00e9t\u00e9 confront\u00e9s \u00e0 ce m\u00eame probl\u00e8me.<\/p>\n<p>Le cas de l\u2019ex Directeur G\u00e9n\u00e9ral Mohamed BANGOURA et son Adjoint Djoss\u00e9 OULARE, incarne l\u2019illustration spectaculaire de\u00a0 destitution\u00a0 par d\u00e9cret sous l\u2019effet des d\u00e9lateurs. Ils ont r\u00e9ussi \u00e0 opposer les deux hommes jusqu\u2019\u00e0 leur conduire au limogeage.Les pr\u00e9d\u00e9cesseurs de ces derniers, \u00e0 l\u2019occurrence l\u2019ex DG Lamine CISSE et son adjoint El hadj Moussa CAMARA,ont aussi connu, des r\u00e9lations tendues provoqu\u00e9es par ces mythomanes.<\/p>\n<p><strong>\u00a0 \u00a0 \u00a0 \u00a0 \u00a0 \u00a0 \u00a0 \u00a0 \u00a0 \u00a0 \u00a0 Qui sont-ils?<\/strong><\/p>\n<p>Ce sont des gens de petits calculs,d\u00e9pourvus de personnalit\u00e9, incomp\u00e9tents, employ\u00e9s \u00e0 l\u2019ANAIM par recommandation sans profil requis, port\u00e9s \u00e0 la t\u00eate des services qu\u2019ils ne m\u00e9ritent aucunement. Ils\u00a0 sont\u00a0 encombrants, nuisibles aux travailleurs qualifi\u00e9s et au rayonnement de l&#8217;Entreprise.<\/p>\n<p>Plus grave, Ils prennent l\u2019ANAIM comme l\u2019h\u00e9ritage familial et par \u00e9go\u00efsme,ils d\u00e9truisent dans l\u2019ombre\u00a0 toutes les initiatives susceptibles de produire l&#8217;int\u00e9r\u00eat collectif, en se faisant\u00a0 passer pour les pro DG et pr\u00e9sentent d&#8217;autres employ\u00e9s de la bo\u00eete comme les contre DG.Leur comportement, non seulement affecte n\u00e9gativement le travail d\u2019\u00e9quipe et le bon fonctionnement de la structure,mais aussi pourrissent l&#8217;atmousph\u00e8re qui devient d\u00e9l\u00e9t\u00e8re au point que chaque travailleur deviens m\u00e9fiant envers l&#8217;autre.Et tout Directeur qui s\u2019est pr\u00eat\u00e9 \u00e0 leur jeu, a fini par tomber dans le pi\u00e8ge malheureux. Alors que, eux, vont continuer \u00e0 rester \u00e0 leurs postes et toujours pr\u00eats \u00e0 r\u00e9server le m\u00eame sort \u00e0 tout nouveau Directeur.<\/p>\n<p>\u00c0 l\u2019arriv\u00e9e de Damalaye CONDE, l\u2019espoir \u00e9tait permis de voir la d\u00e9lation s\u2019arr\u00eater \u00e0 l&#8217;ANAIM. Mais la situation \u00e9chappe au contr\u00f4le et ne fait que prendre l\u2019ampleur, au point de ternir gravement l&#8217;image de la Direction g\u00e9n\u00e9rale et la r\u00e9putation de\u00a0 ses responsables.<\/p>\n<p>Aujourd&#8217;hui,le nouveau mode op\u00e9ratoire que ces personnes toxiques sont en train de mettre en place pour se renforcer, n\u00e9cessite la vigilance et la prudence .<\/p>\n<p>Ils sont parvenus \u00e0 convaincre le Directeur G\u00e9n\u00e9ral de l&#8217;ANAIM a ainstall\u00e9\u00a0 ses deux jeunes fr\u00e8res\u00a0 dans un bureau occulte \u00e0 la Direction G\u00e9n\u00e9rale.Leur objectif, \u00eatre en complicit\u00e9 avec ces derniers\u00a0 pour montrer au DG, leur proximit\u00e9 avec lui, afin que celui-ci accorde la cr\u00e9dibilit\u00e9 \u00e0 leur op\u00e9ration de diffamation,un pi\u00e8ge \u00e0 \u00e9viter en tant que premier responsable de l&#8217;ANAIM.Car, demain, ces affabulateurs seront les premiers \u00e0 nier leur responsabilit\u00e9 dans cet \u00e9tat de fait et rejetteront la culpabilit\u00e9 sur le Directeur G\u00e9n\u00e9ral.<\/p>\n<p>Ils seront \u00e9galement les premiers \u00e0 dire \u00e0 tout le monde que\u00a0 c&#8217;est le Directeur G\u00e9n\u00e9ral Damalaye COND\u00c9 qui a mis \u00e0 la disposition de ses deux fr\u00e8res un bureau dans les locaux de\u00a0 Direction G\u00e9n\u00e9rale, pourtant n&#8217;etant pas employ\u00e9 de l&#8217;ANAIM.Ce qui est contraire \u00e0 l&#8217;hortodoxie adminidtrative. Alors, il est pr\u00e9f\u00e9rable d&#8217;anticiper sur la chose.<\/p>\n<p>En fin, la solution\u00a0 pour \u00e9radiquer ce mal \u00e0 la Direction G\u00e9n\u00e9rale de l&#8217;ANAIM, C&#8217;est que , la r\u00e9forme du personnel administratif doit se poursuivre, dans le but de nettoyer compl\u00e8tement tous les impcomp\u00e9tents qui se maintiennent \u00e0 leur fonction par la d\u00e9lation.<\/p>\n<p>Du si\u00e8ge de Conakry aux cellules de coordination, la majorit\u00e9 des employ\u00e9s est unanime que, les petits chefs au comportement indigne dans la gouvernance\u00a0 administrative, n\u2019ont aucune place dans les services \u00e0 la Direction G\u00e9n\u00e9rale de l\u2019ANAIM.<\/p>\n<p>A suivre\u00a0!<\/p>\n<p><strong>Toumany CAMARA<\/strong><\/p>\n","protected":false},"excerpt":{"rendered":"<p>La collaboration m\u00e9diatique avec l\u2019Agence Nationale d\u2019Am\u00e9nagement des Infrastructures Mini\u00e8res(ANAIM) n&#8217;est pas synonyme de restriction de l&#8217;informartion. En dehors de la communication que la presse fait pour cette soci\u00e9t\u00e9 d\u2019Etat, les journalistes doivent\u00a0 la tenir \u00e0 l&#8217;oeil et ralayer, les failles administratives dans la gestion, afin de les corriger pour l\u2019int\u00e9r\u00eat g\u00e9n\u00e9ral. En journaliste ind\u00e9pendant [&hellip;]<\/p>\n","protected":false},"author":3,"featured_media":9893,"comment_status":"open","ping_status":"open","sticky":false,"template":"","format":"standard","meta":{"jnews-multi-image_gallery":[],"jnews_single_post":[],"jnews_primary_category":[],"footnotes":""},"categories":[93],"tags":[],"class_list":["post-9894","post","type-post","status-publish","format-standard","has-post-thumbnail","hentry","category-pole-actualite-fait-divers"],"yoast_head":"<!-- This site is optimized with the Yoast SEO plugin v27.3 - https:\/\/yoast.com\/product\/yoast-seo-wordpress\/ -->\n<title>D\u00e9lation \u00e0 l\u2019ANAIM\u00a0: le DG doit \u00e9viter le pi\u00e8ge des mauvaises personnes dans son entourage - Presseinvestigation<\/title>\n<meta name=\"robots\" content=\"index, follow, max-snippet:-1, max-image-preview:large, max-video-preview:-1\" \/>\n<link rel=\"canonical\" href=\"https:\/\/www.presseinvestigation.com\/index.php\/2026\/04\/24\/delation-a-lanaim-le-dg-doit-eviter-le-piege-des-mauvaises-personnes-dans-son-entourage\/\" \/>\n<meta property=\"og:locale\" content=\"fr_FR\" \/>\n<meta property=\"og:type\" content=\"article\" \/>\n<meta property=\"og:title\" content=\"D\u00e9lation \u00e0 l\u2019ANAIM\u00a0: le DG doit \u00e9viter le pi\u00e8ge des mauvaises personnes dans son entourage - Presseinvestigation\" \/>\n<meta property=\"og:description\" content=\"La collaboration m\u00e9diatique avec l\u2019Agence Nationale d\u2019Am\u00e9nagement des Infrastructures Mini\u00e8res(ANAIM) n&#8217;est pas synonyme de restriction de l&#8217;informartion. En dehors de la communication que la presse fait pour cette soci\u00e9t\u00e9 d\u2019Etat, les journalistes doivent\u00a0 la tenir \u00e0 l&#8217;oeil et ralayer, les failles administratives dans la gestion, afin de les corriger pour l\u2019int\u00e9r\u00eat g\u00e9n\u00e9ral. En journaliste ind\u00e9pendant [&hellip;]\" \/>\n<meta property=\"og:url\" content=\"https:\/\/www.presseinvestigation.com\/index.php\/2026\/04\/24\/delation-a-lanaim-le-dg-doit-eviter-le-piege-des-mauvaises-personnes-dans-son-entourage\/\" \/>\n<meta property=\"og:site_name\" content=\"Presseinvestigation\" \/>\n<meta property=\"article:published_time\" content=\"2026-04-24T13:49:25+00:00\" \/>\n<meta property=\"article:modified_time\" content=\"2026-04-27T00:38:08+00:00\" \/>\n<meta property=\"og:image\" content=\"https:\/\/www.presseinvestigation.com\/wp-content\/uploads\/2026\/04\/FB_IMG_1777030586544.jpg\" \/>\n\t<meta property=\"og:image:width\" content=\"961\" \/>\n\t<meta property=\"og:image:height\" content=\"659\" \/>\n\t<meta property=\"og:image:type\" content=\"image\/jpeg\" \/>\n<meta name=\"author\" content=\"Presseinvestigation.com\" \/>\n<meta name=\"twitter:card\" content=\"summary_large_image\" \/>\n<meta name=\"twitter:label1\" content=\"\u00c9crit par\" \/>\n\t<meta name=\"twitter:data1\" content=\"Presseinvestigation.com\" \/>\n\t<meta name=\"twitter:label2\" content=\"Dur\u00e9e de lecture estim\u00e9e\" \/>\n\t<meta name=\"twitter:data2\" content=\"4 minutes\" \/>\n<script type=\"application\/ld+json\" class=\"yoast-schema-graph\">{\"@context\":\"https:\\\/\\\/schema.org\",\"@graph\":[{\"@type\":\"Article\",\"@id\":\"https:\\\/\\\/www.presseinvestigation.com\\\/index.php\\\/2026\\\/04\\\/24\\\/delation-a-lanaim-le-dg-doit-eviter-le-piege-des-mauvaises-personnes-dans-son-entourage\\\/#article\",\"isPartOf\":{\"@id\":\"https:\\\/\\\/www.presseinvestigation.com\\\/index.php\\\/2026\\\/04\\\/24\\\/delation-a-lanaim-le-dg-doit-eviter-le-piege-des-mauvaises-personnes-dans-son-entourage\\\/\"},\"author\":{\"name\":\"Presseinvestigation.com\",\"@id\":\"https:\\\/\\\/www.presseinvestigation.com\\\/#\\\/schema\\\/person\\\/9eeee3740b98a364b2d60ad43edf321d\"},\"headline\":\"D\u00e9lation \u00e0 l\u2019ANAIM\u00a0: le DG doit \u00e9viter le pi\u00e8ge des mauvaises personnes dans son entourage\",\"datePublished\":\"2026-04-24T13:49:25+00:00\",\"dateModified\":\"2026-04-27T00:38:08+00:00\",\"mainEntityOfPage\":{\"@id\":\"https:\\\/\\\/www.presseinvestigation.com\\\/index.php\\\/2026\\\/04\\\/24\\\/delation-a-lanaim-le-dg-doit-eviter-le-piege-des-mauvaises-personnes-dans-son-entourage\\\/\"},\"wordCount\":758,\"commentCount\":0,\"image\":{\"@id\":\"https:\\\/\\\/www.presseinvestigation.com\\\/index.php\\\/2026\\\/04\\\/24\\\/delation-a-lanaim-le-dg-doit-eviter-le-piege-des-mauvaises-personnes-dans-son-entourage\\\/#primaryimage\"},\"thumbnailUrl\":\"https:\\\/\\\/www.presseinvestigation.com\\\/wp-content\\\/uploads\\\/2026\\\/04\\\/FB_IMG_1777030586544.jpg\",\"articleSection\":[\"P\u00f4le Actualit\u00e9-Analyse\"],\"inLanguage\":\"fr-FR\",\"potentialAction\":[{\"@type\":\"CommentAction\",\"name\":\"Comment\",\"target\":[\"https:\\\/\\\/www.presseinvestigation.com\\\/index.php\\\/2026\\\/04\\\/24\\\/delation-a-lanaim-le-dg-doit-eviter-le-piege-des-mauvaises-personnes-dans-son-entourage\\\/#respond\"]}]},{\"@type\":\"WebPage\",\"@id\":\"https:\\\/\\\/www.presseinvestigation.com\\\/index.php\\\/2026\\\/04\\\/24\\\/delation-a-lanaim-le-dg-doit-eviter-le-piege-des-mauvaises-personnes-dans-son-entourage\\\/\",\"url\":\"https:\\\/\\\/www.presseinvestigation.com\\\/index.php\\\/2026\\\/04\\\/24\\\/delation-a-lanaim-le-dg-doit-eviter-le-piege-des-mauvaises-personnes-dans-son-entourage\\\/\",\"name\":\"D\u00e9lation \u00e0 l\u2019ANAIM\u00a0: le DG doit \u00e9viter le pi\u00e8ge des mauvaises personnes dans son entourage - Presseinvestigation\",\"isPartOf\":{\"@id\":\"https:\\\/\\\/www.presseinvestigation.com\\\/#website\"},\"primaryImageOfPage\":{\"@id\":\"https:\\\/\\\/www.presseinvestigation.com\\\/index.php\\\/2026\\\/04\\\/24\\\/delation-a-lanaim-le-dg-doit-eviter-le-piege-des-mauvaises-personnes-dans-son-entourage\\\/#primaryimage\"},\"image\":{\"@id\":\"https:\\\/\\\/www.presseinvestigation.com\\\/index.php\\\/2026\\\/04\\\/24\\\/delation-a-lanaim-le-dg-doit-eviter-le-piege-des-mauvaises-personnes-dans-son-entourage\\\/#primaryimage\"},\"thumbnailUrl\":\"https:\\\/\\\/www.presseinvestigation.com\\\/wp-content\\\/uploads\\\/2026\\\/04\\\/FB_IMG_1777030586544.jpg\",\"datePublished\":\"2026-04-24T13:49:25+00:00\",\"dateModified\":\"2026-04-27T00:38:08+00:00\",\"author\":{\"@id\":\"https:\\\/\\\/www.presseinvestigation.com\\\/#\\\/schema\\\/person\\\/9eeee3740b98a364b2d60ad43edf321d\"},\"breadcrumb\":{\"@id\":\"https:\\\/\\\/www.presseinvestigation.com\\\/index.php\\\/2026\\\/04\\\/24\\\/delation-a-lanaim-le-dg-doit-eviter-le-piege-des-mauvaises-personnes-dans-son-entourage\\\/#breadcrumb\"},\"inLanguage\":\"fr-FR\",\"potentialAction\":[{\"@type\":\"ReadAction\",\"target\":[\"https:\\\/\\\/www.presseinvestigation.com\\\/index.php\\\/2026\\\/04\\\/24\\\/delation-a-lanaim-le-dg-doit-eviter-le-piege-des-mauvaises-personnes-dans-son-entourage\\\/\"]}]},{\"@type\":\"ImageObject\",\"inLanguage\":\"fr-FR\",\"@id\":\"https:\\\/\\\/www.presseinvestigation.com\\\/index.php\\\/2026\\\/04\\\/24\\\/delation-a-lanaim-le-dg-doit-eviter-le-piege-des-mauvaises-personnes-dans-son-entourage\\\/#primaryimage\",\"url\":\"https:\\\/\\\/www.presseinvestigation.com\\\/wp-content\\\/uploads\\\/2026\\\/04\\\/FB_IMG_1777030586544.jpg\",\"contentUrl\":\"https:\\\/\\\/www.presseinvestigation.com\\\/wp-content\\\/uploads\\\/2026\\\/04\\\/FB_IMG_1777030586544.jpg\",\"width\":961,\"height\":659},{\"@type\":\"BreadcrumbList\",\"@id\":\"https:\\\/\\\/www.presseinvestigation.com\\\/index.php\\\/2026\\\/04\\\/24\\\/delation-a-lanaim-le-dg-doit-eviter-le-piege-des-mauvaises-personnes-dans-son-entourage\\\/#breadcrumb\",\"itemListElement\":[{\"@type\":\"ListItem\",\"position\":1,\"name\":\"Accueil\",\"item\":\"https:\\\/\\\/www.presseinvestigation.com\\\/\"},{\"@type\":\"ListItem\",\"position\":2,\"name\":\"D\u00e9lation \u00e0 l\u2019ANAIM\u00a0: le DG doit \u00e9viter le pi\u00e8ge des mauvaises personnes dans son entourage\"}]},{\"@type\":\"WebSite\",\"@id\":\"https:\\\/\\\/www.presseinvestigation.com\\\/#website\",\"url\":\"https:\\\/\\\/www.presseinvestigation.com\\\/\",\"name\":\"Presseinvestigation\",\"description\":\"Informer dans l&#039;impartialit\u00e9\",\"potentialAction\":[{\"@type\":\"SearchAction\",\"target\":{\"@type\":\"EntryPoint\",\"urlTemplate\":\"https:\\\/\\\/www.presseinvestigation.com\\\/?s={search_term_string}\"},\"query-input\":{\"@type\":\"PropertyValueSpecification\",\"valueRequired\":true,\"valueName\":\"search_term_string\"}}],\"inLanguage\":\"fr-FR\"},{\"@type\":\"Person\",\"@id\":\"https:\\\/\\\/www.presseinvestigation.com\\\/#\\\/schema\\\/person\\\/9eeee3740b98a364b2d60ad43edf321d\",\"name\":\"Presseinvestigation.com\",\"image\":{\"@type\":\"ImageObject\",\"inLanguage\":\"fr-FR\",\"@id\":\"https:\\\/\\\/www.presseinvestigation.com\\\/wp-content\\\/uploads\\\/2025\\\/12\\\/cropped-Logo_investigation-02-1-96x96.png\",\"url\":\"https:\\\/\\\/www.presseinvestigation.com\\\/wp-content\\\/uploads\\\/2025\\\/12\\\/cropped-Logo_investigation-02-1-96x96.png\",\"contentUrl\":\"https:\\\/\\\/www.presseinvestigation.com\\\/wp-content\\\/uploads\\\/2025\\\/12\\\/cropped-Logo_investigation-02-1-96x96.png\",\"caption\":\"Presseinvestigation.com\"},\"sameAs\":[\"https:\\\/\\\/wordpress.com\"],\"url\":\"https:\\\/\\\/www.presseinvestigation.com\\\/index.php\\\/author\\\/blog_table\\\/\"}]}<\/script>\n<!-- \/ Yoast SEO plugin. -->","yoast_head_json":{"title":"D\u00e9lation \u00e0 l\u2019ANAIM\u00a0: le DG doit \u00e9viter le pi\u00e8ge des mauvaises personnes dans son entourage - Presseinvestigation","robots":{"index":"index","follow":"follow","max-snippet":"max-snippet:-1","max-image-preview":"max-image-preview:large","max-video-preview":"max-video-preview:-1"},"canonical":"https:\/\/www.presseinvestigation.com\/index.php\/2026\/04\/24\/delation-a-lanaim-le-dg-doit-eviter-le-piege-des-mauvaises-personnes-dans-son-entourage\/","og_locale":"fr_FR","og_type":"article","og_title":"D\u00e9lation \u00e0 l\u2019ANAIM\u00a0: le DG doit \u00e9viter le pi\u00e8ge des mauvaises personnes dans son entourage - Presseinvestigation","og_description":"La collaboration m\u00e9diatique avec l\u2019Agence Nationale d\u2019Am\u00e9nagement des Infrastructures Mini\u00e8res(ANAIM) n&#8217;est pas synonyme de restriction de l&#8217;informartion. En dehors de la communication que la presse fait pour cette soci\u00e9t\u00e9 d\u2019Etat, les journalistes doivent\u00a0 la tenir \u00e0 l&#8217;oeil et ralayer, les failles administratives dans la gestion, afin de les corriger pour l\u2019int\u00e9r\u00eat g\u00e9n\u00e9ral. En journaliste ind\u00e9pendant [&hellip;]","og_url":"https:\/\/www.presseinvestigation.com\/index.php\/2026\/04\/24\/delation-a-lanaim-le-dg-doit-eviter-le-piege-des-mauvaises-personnes-dans-son-entourage\/","og_site_name":"Presseinvestigation","article_published_time":"2026-04-24T13:49:25+00:00","article_modified_time":"2026-04-27T00:38:08+00:00","og_image":[{"width":961,"height":659,"url":"https:\/\/www.presseinvestigation.com\/wp-content\/uploads\/2026\/04\/FB_IMG_1777030586544.jpg","type":"image\/jpeg"}],"author":"Presseinvestigation.com","twitter_card":"summary_large_image","twitter_misc":{"\u00c9crit par":"Presseinvestigation.com","Dur\u00e9e de lecture estim\u00e9e":"4 minutes"},"schema":{"@context":"https:\/\/schema.org","@graph":[{"@type":"Article","@id":"https:\/\/www.presseinvestigation.com\/index.php\/2026\/04\/24\/delation-a-lanaim-le-dg-doit-eviter-le-piege-des-mauvaises-personnes-dans-son-entourage\/#article","isPartOf":{"@id":"https:\/\/www.presseinvestigation.com\/index.php\/2026\/04\/24\/delation-a-lanaim-le-dg-doit-eviter-le-piege-des-mauvaises-personnes-dans-son-entourage\/"},"author":{"name":"Presseinvestigation.com","@id":"https:\/\/www.presseinvestigation.com\/#\/schema\/person\/9eeee3740b98a364b2d60ad43edf321d"},"headline":"D\u00e9lation \u00e0 l\u2019ANAIM\u00a0: le DG doit \u00e9viter le pi\u00e8ge des mauvaises personnes dans son entourage","datePublished":"2026-04-24T13:49:25+00:00","dateModified":"2026-04-27T00:38:08+00:00","mainEntityOfPage":{"@id":"https:\/\/www.presseinvestigation.com\/index.php\/2026\/04\/24\/delation-a-lanaim-le-dg-doit-eviter-le-piege-des-mauvaises-personnes-dans-son-entourage\/"},"wordCount":758,"commentCount":0,"image":{"@id":"https:\/\/www.presseinvestigation.com\/index.php\/2026\/04\/24\/delation-a-lanaim-le-dg-doit-eviter-le-piege-des-mauvaises-personnes-dans-son-entourage\/#primaryimage"},"thumbnailUrl":"https:\/\/www.presseinvestigation.com\/wp-content\/uploads\/2026\/04\/FB_IMG_1777030586544.jpg","articleSection":["P\u00f4le Actualit\u00e9-Analyse"],"inLanguage":"fr-FR","potentialAction":[{"@type":"CommentAction","name":"Comment","target":["https:\/\/www.presseinvestigation.com\/index.php\/2026\/04\/24\/delation-a-lanaim-le-dg-doit-eviter-le-piege-des-mauvaises-personnes-dans-son-entourage\/#respond"]}]},{"@type":"WebPage","@id":"https:\/\/www.presseinvestigation.com\/index.php\/2026\/04\/24\/delation-a-lanaim-le-dg-doit-eviter-le-piege-des-mauvaises-personnes-dans-son-entourage\/","url":"https:\/\/www.presseinvestigation.com\/index.php\/2026\/04\/24\/delation-a-lanaim-le-dg-doit-eviter-le-piege-des-mauvaises-personnes-dans-son-entourage\/","name":"D\u00e9lation \u00e0 l\u2019ANAIM\u00a0: le DG doit \u00e9viter le pi\u00e8ge des mauvaises personnes dans son entourage - Presseinvestigation","isPartOf":{"@id":"https:\/\/www.presseinvestigation.com\/#website"},"primaryImageOfPage":{"@id":"https:\/\/www.presseinvestigation.com\/index.php\/2026\/04\/24\/delation-a-lanaim-le-dg-doit-eviter-le-piege-des-mauvaises-personnes-dans-son-entourage\/#primaryimage"},"image":{"@id":"https:\/\/www.presseinvestigation.com\/index.php\/2026\/04\/24\/delation-a-lanaim-le-dg-doit-eviter-le-piege-des-mauvaises-personnes-dans-son-entourage\/#primaryimage"},"thumbnailUrl":"https:\/\/www.presseinvestigation.com\/wp-content\/uploads\/2026\/04\/FB_IMG_1777030586544.jpg","datePublished":"2026-04-24T13:49:25+00:00","dateModified":"2026-04-27T00:38:08+00:00","author":{"@id":"https:\/\/www.presseinvestigation.com\/#\/schema\/person\/9eeee3740b98a364b2d60ad43edf321d"},"breadcrumb":{"@id":"https:\/\/www.presseinvestigation.com\/index.php\/2026\/04\/24\/delation-a-lanaim-le-dg-doit-eviter-le-piege-des-mauvaises-personnes-dans-son-entourage\/#breadcrumb"},"inLanguage":"fr-FR","potentialAction":[{"@type":"ReadAction","target":["https:\/\/www.presseinvestigation.com\/index.php\/2026\/04\/24\/delation-a-lanaim-le-dg-doit-eviter-le-piege-des-mauvaises-personnes-dans-son-entourage\/"]}]},{"@type":"ImageObject","inLanguage":"fr-FR","@id":"https:\/\/www.presseinvestigation.com\/index.php\/2026\/04\/24\/delation-a-lanaim-le-dg-doit-eviter-le-piege-des-mauvaises-personnes-dans-son-entourage\/#primaryimage","url":"https:\/\/www.presseinvestigation.com\/wp-content\/uploads\/2026\/04\/FB_IMG_1777030586544.jpg","contentUrl":"https:\/\/www.presseinvestigation.com\/wp-content\/uploads\/2026\/04\/FB_IMG_1777030586544.jpg","width":961,"height":659},{"@type":"BreadcrumbList","@id":"https:\/\/www.presseinvestigation.com\/index.php\/2026\/04\/24\/delation-a-lanaim-le-dg-doit-eviter-le-piege-des-mauvaises-personnes-dans-son-entourage\/#breadcrumb","itemListElement":[{"@type":"ListItem","position":1,"name":"Accueil","item":"https:\/\/www.presseinvestigation.com\/"},{"@type":"ListItem","position":2,"name":"D\u00e9lation \u00e0 l\u2019ANAIM\u00a0: le DG doit \u00e9viter le pi\u00e8ge des mauvaises personnes dans son entourage"}]},{"@type":"WebSite","@id":"https:\/\/www.presseinvestigation.com\/#website","url":"https:\/\/www.presseinvestigation.com\/","name":"Presseinvestigation","description":"Informer dans l&#039;impartialit\u00e9","potentialAction":[{"@type":"SearchAction","target":{"@type":"EntryPoint","urlTemplate":"https:\/\/www.presseinvestigation.com\/?s={search_term_string}"},"query-input":{"@type":"PropertyValueSpecification","valueRequired":true,"valueName":"search_term_string"}}],"inLanguage":"fr-FR"},{"@type":"Person","@id":"https:\/\/www.presseinvestigation.com\/#\/schema\/person\/9eeee3740b98a364b2d60ad43edf321d","name":"Presseinvestigation.com","image":{"@type":"ImageObject","inLanguage":"fr-FR","@id":"https:\/\/www.presseinvestigation.com\/wp-content\/uploads\/2025\/12\/cropped-Logo_investigation-02-1-96x96.png","url":"https:\/\/www.presseinvestigation.com\/wp-content\/uploads\/2025\/12\/cropped-Logo_investigation-02-1-96x96.png","contentUrl":"https:\/\/www.presseinvestigation.com\/wp-content\/uploads\/2025\/12\/cropped-Logo_investigation-02-1-96x96.png","caption":"Presseinvestigation.com"},"sameAs":["https:\/\/wordpress.com"],"url":"https:\/\/www.presseinvestigation.com\/index.php\/author\/blog_table\/"}]}},"_links":{"self":[{"href":"https:\/\/www.presseinvestigation.com\/index.php\/wp-json\/wp\/v2\/posts\/9894","targetHints":{"allow":["GET"]}}],"collection":[{"href":"https:\/\/www.presseinvestigation.com\/index.php\/wp-json\/wp\/v2\/posts"}],"about":[{"href":"https:\/\/www.presseinvestigation.com\/index.php\/wp-json\/wp\/v2\/types\/post"}],"author":[{"embeddable":true,"href":"https:\/\/www.presseinvestigation.com\/index.php\/wp-json\/wp\/v2\/users\/3"}],"replies":[{"embeddable":true,"href":"https:\/\/www.presseinvestigation.com\/index.php\/wp-json\/wp\/v2\/comments?post=9894"}],"version-history":[{"count":19,"href":"https:\/\/www.presseinvestigation.com\/index.php\/wp-json\/wp\/v2\/posts\/9894\/revisions"}],"predecessor-version":[{"id":9918,"href":"https:\/\/www.presseinvestigation.com\/index.php\/wp-json\/wp\/v2\/posts\/9894\/revisions\/9918"}],"wp:featuredmedia":[{"embeddable":true,"href":"https:\/\/www.presseinvestigation.com\/index.php\/wp-json\/wp\/v2\/media\/9893"}],"wp:attachment":[{"href":"https:\/\/www.presseinvestigation.com\/index.php\/wp-json\/wp\/v2\/media?parent=9894"}],"wp:term":[{"taxonomy":"category","embeddable":true,"href":"https:\/\/www.presseinvestigation.com\/index.php\/wp-json\/wp\/v2\/categories?post=9894"},{"taxonomy":"post_tag","embeddable":true,"href":"https:\/\/www.presseinvestigation.com\/index.php\/wp-json\/wp\/v2\/tags?post=9894"}],"curies":[{"name":"wp","href":"https:\/\/api.w.org\/{rel}","templated":true}]}}